{"id":18621,"date":"2017-08-11T20:26:01","date_gmt":"2017-08-11T18:26:01","guid":{"rendered":"http:\/\/www.conselharan.org\/ca\/?p=18621"},"modified":"2017-08-11T20:26:01","modified_gmt":"2017-08-11T18:26:01","slug":"presentacio-i-cant-dels-gois-a-sant-roc-de-vilamos","status":"publish","type":"post","link":"https:\/\/www.conselharan.org\/ca\/presentacio-i-cant-dels-gois-a-sant-roc-de-vilamos\/","title":{"rendered":"Presentaci\u00f3 i cant dels G\u00f2is a Sant R\u00f2c de Vilam\u00f2s"},"content":{"rendered":"<p>Vielha, 11 d\u2019agost de 2017.- El proper <strong>dimarts dia 15 d\u2019agost<\/strong> tindr\u00e0 lloc la presentaci\u00f3 i cant dels <strong>G\u00f2is a Sant R\u00f2c de Vilam\u00f2s<\/strong> dins dels actes de la Festa major de la poblaci\u00f3.<\/p>\n<p>La presentaci\u00f3 a la que assistiran el sindic d\u2019Aran, Carlos Barrera, i l\u2019alcalde de Vilam\u00f2s, Francisco Castet, ser\u00e0 a les 13:00 hores en la Missa de Festa major, cantada per \u201cEs Paums\u201d a l&#8217;esgl\u00e9sia de Santa Maria de Vilam\u00f2s. L\u2019acte comptar\u00e0 a m\u00e9s amb la pres\u00e8ncia dels autors Jus\u00e8p Antoni Castet (promotor), J\u00e8p de Montoya (lletra) i Jaume Masana \u201cCASTELL\u201d (m\u00fasica). Tamb\u00e9 es repartir\u00e0 un exemplar dels G\u00f2is per a cada assistent.<\/p>\n<p>Tot seguit es far\u00e0 el descobriment d\u2019 una placa commemorativa en honor de l&#8217;Il\u00b7lustre Sr. Joan Coromines Vignaux, a la fa\u00e7ana de la Casa de la Pla\u00e7a, lloc on va viure en diferents moments a les seves estades a la Val d\u2019Aran. Coromines \u00e9s autor de la tesis doctoral sobre l&#8217;aran\u00e8s \u201cVocabulario Aran\u00e8s\u201d publicat per la Impremta de la Casa de Caritat de Barcelona l\u2019any 1931, ampliada i publicada l&#8217;any 1991 com \u201cEl Parlar de la Vall d\u2019 Aran\u201d (Gram\u00e0tica, Diccionari i Estudis l\u00e8xics sobre el Gasc\u00f3) per Curial Edicions.<\/p>\n<p>Anteriorment, el dissabte 12 d\u2019 agost a les 19:00 hores a la mateixa esgl\u00e9sia de Santa Maria de Vilam\u00f2s, es far\u00e0 la presentaci\u00f3 i assaig general dels G\u00f2is a Sant R\u00f2c de Vilam\u00f2s, oberta a tots els qui hi vulguin assistir.<\/p>\n<p><a href=\"http:\/\/www.conselharan.org\/wp-content\/uploads\/2017\/08\/Goig-Sant-Roc-Vilamos-1.jpg\"><img loading=\"lazy\" decoding=\"async\" class=\"aligncenter size-large wp-image-18617\" src=\"http:\/\/www.conselharan.org\/wp-content\/uploads\/2017\/08\/Goig-Sant-Roc-Vilamos-1-728x1024.jpg\" alt=\"Goig Sant Roc Vilamos (1)\" width=\"728\" height=\"1024\" srcset=\"https:\/\/www.conselharan.org\/wp-content\/uploads\/2017\/08\/Goig-Sant-Roc-Vilamos-1-728x1024.jpg 728w, https:\/\/www.conselharan.org\/wp-content\/uploads\/2017\/08\/Goig-Sant-Roc-Vilamos-1-213x300.jpg 213w, https:\/\/www.conselharan.org\/wp-content\/uploads\/2017\/08\/Goig-Sant-Roc-Vilamos-1-768x1080.jpg 768w\" sizes=\"(max-width: 728px) 100vw, 728px\" \/><\/a><\/p>\n<p>&nbsp;<\/p>\n<p>&nbsp;<\/p>\n ","protected":false},"excerpt":{"rendered":"<p>Vielha, 11 d\u2019agost de 2017.- El proper dimarts dia 15 d\u2019agost tindr\u00e0 lloc la presentaci\u00f3 i cant dels G\u00f2is a Sant R\u00f2c de Vilam\u00f2s dins dels actes de la Festa major de la poblaci\u00f3. La presentaci\u00f3 a la que assistiran el sindic d\u2019Aran, Carlos Barrera, i l\u2019alcalde de Vilam\u00f2s, Francisco Castet, ser\u00e0 a les 13:00&#8230;<\/p>\n","protected":false},"author":2,"featured_media":18617,"comment_status":"closed","ping_status":"closed","sticky":false,"template":"","format":"standard","meta":{"footnotes":""},"categories":[33],"tags":[],"_links":{"self":[{"href":"https:\/\/www.conselharan.org\/ca\/wp-json\/wp\/v2\/posts\/18621"}],"collection":[{"href":"https:\/\/www.conselharan.org\/ca\/wp-json\/wp\/v2\/posts"}],"about":[{"href":"https:\/\/www.conselharan.org\/ca\/wp-json\/wp\/v2\/types\/post"}],"author":[{"embeddable":true,"href":"https:\/\/www.conselharan.org\/ca\/wp-json\/wp\/v2\/users\/2"}],"replies":[{"embeddable":true,"href":"https:\/\/www.conselharan.org\/ca\/wp-json\/wp\/v2\/comments?post=18621"}],"version-history":[{"count":1,"href":"https:\/\/www.conselharan.org\/ca\/wp-json\/wp\/v2\/posts\/18621\/revisions"}],"predecessor-version":[{"id":18622,"href":"https:\/\/www.conselharan.org\/ca\/wp-json\/wp\/v2\/posts\/18621\/revisions\/18622"}],"wp:featuredmedia":[{"embeddable":true,"href":"https:\/\/www.conselharan.org\/ca\/wp-json\/wp\/v2\/media\/18617"}],"wp:attachment":[{"href":"https:\/\/www.conselharan.org\/ca\/wp-json\/wp\/v2\/media?parent=18621"}],"wp:term":[{"taxonomy":"category","embeddable":true,"href":"https:\/\/www.conselharan.org\/ca\/wp-json\/wp\/v2\/categories?post=18621"},{"taxonomy":"post_tag","embeddable":true,"href":"https:\/\/www.conselharan.org\/ca\/wp-json\/wp\/v2\/tags?post=18621"}],"curies":[{"name":"wp","href":"https:\/\/api.w.org\/{rel}","templated":true}]}}