{"id":18632,"date":"2017-08-16T11:29:54","date_gmt":"2017-08-16T09:29:54","guid":{"rendered":"http:\/\/www.conselharan.org\/ca\/?p=18632"},"modified":"2017-08-16T13:24:48","modified_gmt":"2017-08-16T11:24:48","slug":"nou-curs-formatiu-al-cei-val-daran","status":"publish","type":"post","link":"https:\/\/www.conselharan.org\/ca\/nou-curs-formatiu-al-cei-val-daran\/","title":{"rendered":"Nou Curs Formatiu al CEI Val d\u2019Aran"},"content":{"rendered":"<p>Vielha, 14 d\u2019agost de 2017.- El CEI Val d\u2019Aran ofereix durant el mes de setembre un nou cicle formatiu sota el t\u00edtol: <strong>\u201c<\/strong><strong>Com parlar en p\u00fablic\u201d<\/strong>. El curs tindr\u00e0 una durada de 20 hores els dimarts 5,12,19 i 26 de setembre de 09:00 a 14:00 hores en CEI Val d\u2019Aran de Casau.<\/p>\n<p><a href=\"http:\/\/www.conselharan.org\/wp-content\/uploads\/2017\/08\/0001-3.jpg\"><img loading=\"lazy\" decoding=\"async\" class=\"aligncenter size-large wp-image-18646\" src=\"http:\/\/www.conselharan.org\/wp-content\/uploads\/2017\/08\/0001-3-724x1024.jpg\" alt=\"0001 (3)\" width=\"724\" height=\"1024\" srcset=\"https:\/\/www.conselharan.org\/wp-content\/uploads\/2017\/08\/0001-3-724x1024.jpg 724w, https:\/\/www.conselharan.org\/wp-content\/uploads\/2017\/08\/0001-3-212x300.jpg 212w, https:\/\/www.conselharan.org\/wp-content\/uploads\/2017\/08\/0001-3-768x1086.jpg 768w\" sizes=\"(max-width: 724px) 100vw, 724px\" \/><\/a><\/p>\n<p>&nbsp;<\/p>\n<p>Els objectius d\u2019aquest nou curs s\u00f3n:<\/p>\n<p>Refermar la import\u00e0ncia de l\u2019\u00fas correcte de la llengua amb una estructura clara de missatge. Dominar la presentaci\u00f3 del contingut d\u2019un discurs o comunicaci\u00f3 per sintonitzar amb el p\u00fablic receptor. Identificar les caracter\u00edstiques dels actes comunicatius.<\/p>\n<p>Amb els seg\u00fcents continguts:<\/p>\n<p>Estructura i elaboraci\u00f3 del discurs. Parlar en p\u00fablic, com v\u00e8ncer la por. La import\u00e0ncia i caracter\u00edstiques de la comunicaci\u00f3, y la comunicaci\u00f3 no verbal.<\/p>\n<p>El curs ser\u00e0 impartit per Marta Montserrat Aragon\u00e9s.<\/p>\n<p>El curs \u00e9s gratu\u00eft, i les inscripcions poden fer-se directament a la web del CEI Val d\u2019Aran <a href=\"http:\/\/www.ceivaldaran.org\">www.ceivaldaran.org<\/a> \u00a0en la qual podreu trobar tota la informaci\u00f3 sobre aquest curs, aix\u00ed com la programaci\u00f3 de les c\u00e0psules previstes pels mesos de setembre, octubre i novembre de 2017.<\/p>\n<p>Tamb\u00e9 Podreu accedir-hi mitjan\u00e7ant l\u2019enlla\u00e7 corresponent des de la web del Conselh Generau d\u2019Aran <a href=\"http:\/\/www.conselharan.org\">www.conselharan.org<\/a><\/p>\n<p>&nbsp;<\/p>\n ","protected":false},"excerpt":{"rendered":"<p>Vielha, 14 d\u2019agost de 2017.- El CEI Val d\u2019Aran ofereix durant el mes de setembre un nou cicle formatiu sota el t\u00edtol: \u201cCom parlar en p\u00fablic\u201d. El curs tindr\u00e0 una durada de 20 hores els dimarts 5,12,19 i 26 de setembre de 09:00 a 14:00 hores en CEI Val d\u2019Aran de Casau. &nbsp; Els objectius&#8230;<\/p>\n","protected":false},"author":2,"featured_media":18646,"comment_status":"closed","ping_status":"closed","sticky":false,"template":"","format":"standard","meta":{"footnotes":""},"categories":[53,36],"tags":[],"_links":{"self":[{"href":"https:\/\/www.conselharan.org\/ca\/wp-json\/wp\/v2\/posts\/18632"}],"collection":[{"href":"https:\/\/www.conselharan.org\/ca\/wp-json\/wp\/v2\/posts"}],"about":[{"href":"https:\/\/www.conselharan.org\/ca\/wp-json\/wp\/v2\/types\/post"}],"author":[{"embeddable":true,"href":"https:\/\/www.conselharan.org\/ca\/wp-json\/wp\/v2\/users\/2"}],"replies":[{"embeddable":true,"href":"https:\/\/www.conselharan.org\/ca\/wp-json\/wp\/v2\/comments?post=18632"}],"version-history":[{"count":2,"href":"https:\/\/www.conselharan.org\/ca\/wp-json\/wp\/v2\/posts\/18632\/revisions"}],"predecessor-version":[{"id":18649,"href":"https:\/\/www.conselharan.org\/ca\/wp-json\/wp\/v2\/posts\/18632\/revisions\/18649"}],"wp:featuredmedia":[{"embeddable":true,"href":"https:\/\/www.conselharan.org\/ca\/wp-json\/wp\/v2\/media\/18646"}],"wp:attachment":[{"href":"https:\/\/www.conselharan.org\/ca\/wp-json\/wp\/v2\/media?parent=18632"}],"wp:term":[{"taxonomy":"category","embeddable":true,"href":"https:\/\/www.conselharan.org\/ca\/wp-json\/wp\/v2\/categories?post=18632"},{"taxonomy":"post_tag","embeddable":true,"href":"https:\/\/www.conselharan.org\/ca\/wp-json\/wp\/v2\/tags?post=18632"}],"curies":[{"name":"wp","href":"https:\/\/api.w.org\/{rel}","templated":true}]}}