{"id":18657,"date":"2017-08-17T18:56:37","date_gmt":"2017-08-17T16:56:37","guid":{"rendered":"http:\/\/www.conselharan.org\/?p=18657"},"modified":"2017-08-18T16:46:07","modified_gmt":"2017-08-18T14:46:07","slug":"comunicat-per-atemptat-de-barcelona","status":"publish","type":"post","link":"https:\/\/www.conselharan.org\/ca\/comunicat-per-atemptat-de-barcelona\/","title":{"rendered":"Comunicat per atemptat de Barcelona"},"content":{"rendered":"<p>Eth sindic d\u2019Aran, Carlos Barrera, en n\u00f2m deth Gov\u00e8rn d\u2019Aran expr\u00e8sse eth d\u00f2 pes victimes der atemptat de Barcelona, atau coma eth sup\u00f2rt as victimes e as sues familhes.<\/p>\n<p>Eth Conselh Generau\u00a0d\u2019Aran, manif\u00e8ste eth s\u00f2n ref\u00fas a quinsevolhe acte que sigue de viol\u00e9ncia e era solidaritat damb eth p\u00f2ble catalan.<\/p>\n<p>Era Generalitat de Catalonha a decretat tres dies de d\u00f2 oficiau en tot eth territ\u00f2ri a damb motiu der atemptat terrorista cometut en Barcelona.<\/p>\n<p><a href=\"http:\/\/www.conselharan.org\/wp-content\/uploads\/2017\/08\/IMG_6786.jpg\"><img loading=\"lazy\" decoding=\"async\" class=\"aligncenter size-large wp-image-18656\" src=\"http:\/\/www.conselharan.org\/wp-content\/uploads\/2017\/08\/IMG_6786-1024x536.jpg\" alt=\"IMG_6786\" width=\"1024\" height=\"536\" srcset=\"https:\/\/www.conselharan.org\/wp-content\/uploads\/2017\/08\/IMG_6786-1024x536.jpg 1024w, https:\/\/www.conselharan.org\/wp-content\/uploads\/2017\/08\/IMG_6786-300x157.jpg 300w, https:\/\/www.conselharan.org\/wp-content\/uploads\/2017\/08\/IMG_6786-768x402.jpg 768w, https:\/\/www.conselharan.org\/wp-content\/uploads\/2017\/08\/IMG_6786.jpg 1201w\" sizes=\"(max-width: 1024px) 100vw, 1024px\" \/><\/a><\/p>\n ","protected":false},"excerpt":{"rendered":"<p>Eth sindic d\u2019Aran, Carlos Barrera, en n\u00f2m deth Gov\u00e8rn d\u2019Aran expr\u00e8sse eth d\u00f2 pes victimes der atemptat de Barcelona, atau coma eth sup\u00f2rt as victimes e as sues familhes. Eth Conselh Generau\u00a0d\u2019Aran, manif\u00e8ste eth s\u00f2n ref\u00fas a quinsevolhe acte que sigue de viol\u00e9ncia e era solidaritat damb eth p\u00f2ble catalan. Era Generalitat de Catalonha a&#8230;<\/p>\n","protected":false},"author":2,"featured_media":18656,"comment_status":"closed","ping_status":"closed","sticky":false,"template":"","format":"standard","meta":{"footnotes":""},"categories":[51,35],"tags":[],"_links":{"self":[{"href":"https:\/\/www.conselharan.org\/ca\/wp-json\/wp\/v2\/posts\/18657"}],"collection":[{"href":"https:\/\/www.conselharan.org\/ca\/wp-json\/wp\/v2\/posts"}],"about":[{"href":"https:\/\/www.conselharan.org\/ca\/wp-json\/wp\/v2\/types\/post"}],"author":[{"embeddable":true,"href":"https:\/\/www.conselharan.org\/ca\/wp-json\/wp\/v2\/users\/2"}],"replies":[{"embeddable":true,"href":"https:\/\/www.conselharan.org\/ca\/wp-json\/wp\/v2\/comments?post=18657"}],"version-history":[{"count":2,"href":"https:\/\/www.conselharan.org\/ca\/wp-json\/wp\/v2\/posts\/18657\/revisions"}],"predecessor-version":[{"id":18659,"href":"https:\/\/www.conselharan.org\/ca\/wp-json\/wp\/v2\/posts\/18657\/revisions\/18659"}],"wp:featuredmedia":[{"embeddable":true,"href":"https:\/\/www.conselharan.org\/ca\/wp-json\/wp\/v2\/media\/18656"}],"wp:attachment":[{"href":"https:\/\/www.conselharan.org\/ca\/wp-json\/wp\/v2\/media?parent=18657"}],"wp:term":[{"taxonomy":"category","embeddable":true,"href":"https:\/\/www.conselharan.org\/ca\/wp-json\/wp\/v2\/categories?post=18657"},{"taxonomy":"post_tag","embeddable":true,"href":"https:\/\/www.conselharan.org\/ca\/wp-json\/wp\/v2\/tags?post=18657"}],"curies":[{"name":"wp","href":"https:\/\/api.w.org\/{rel}","templated":true}]}}