{"id":18676,"date":"2017-08-18T17:06:59","date_gmt":"2017-08-18T15:06:59","guid":{"rendered":"http:\/\/www.conselharan.org\/ca\/?p=18676"},"modified":"2017-08-19T11:58:21","modified_gmt":"2017-08-19T09:58:21","slug":"inversio-de-13-000-e-al-centre-de-formacio-dadults-val-daran","status":"publish","type":"post","link":"https:\/\/www.conselharan.org\/ca\/inversio-de-13-000-e-al-centre-de-formacio-dadults-val-daran\/","title":{"rendered":"Inversi\u00f3 de 13.000 \u20ac al Centre de Formaci\u00f3 d\u2019Adults Val d\u2019Aran"},"content":{"rendered":"<p>Vielha, 18 d\u2019agost de 2017.- El Conselh Generau d\u2019Aran i l\u2019Ajuntament de Vielha e Mijaran invertiran 13.000 \u20ac en la reforma i millora de les finestres i persianes del Centre de Formaci\u00f3 d\u2019Adults de la Val d\u2019Aran.<\/p>\n<p><a href=\"http:\/\/www.conselharan.org\/wp-content\/uploads\/2017\/08\/CFA-1.jpg\"><img loading=\"lazy\" decoding=\"async\" class=\"aligncenter size-large wp-image-18664\" src=\"http:\/\/www.conselharan.org\/wp-content\/uploads\/2017\/08\/CFA-1-1024x709.jpg\" alt=\"CFA 1\" width=\"1024\" height=\"709\" srcset=\"https:\/\/www.conselharan.org\/wp-content\/uploads\/2017\/08\/CFA-1-1024x709.jpg 1024w, https:\/\/www.conselharan.org\/wp-content\/uploads\/2017\/08\/CFA-1-300x208.jpg 300w, https:\/\/www.conselharan.org\/wp-content\/uploads\/2017\/08\/CFA-1-768x532.jpg 768w\" sizes=\"(max-width: 1024px) 100vw, 1024px\" \/><\/a><\/p>\n<p>Ambdues institucions han signat un conveni de 6.500\u20ac cadascun per poder emprendre aquestes obres de millora del centre.<\/p>\n<p>Al Centre de Formaci\u00f3 d\u2019Adults de la Val d\u2019Aran, s\u2019imparteixen cursos d\u2019angl\u00e8s, franc\u00e8s, inform\u00e0tica, Graduat en educaci\u00f3 secund\u00e0ria mitjan\u00e7ant l\u2019IOC.<\/p>\n<p><a href=\"http:\/\/www.conselharan.org\/wp-content\/uploads\/2017\/08\/file-1.jpeg\"><img loading=\"lazy\" decoding=\"async\" class=\"aligncenter size-large wp-image-18665\" src=\"http:\/\/www.conselharan.org\/wp-content\/uploads\/2017\/08\/file-1-1024x768.jpeg\" alt=\"file-1\" width=\"1024\" height=\"768\" srcset=\"https:\/\/www.conselharan.org\/wp-content\/uploads\/2017\/08\/file-1-1024x768.jpeg 1024w, https:\/\/www.conselharan.org\/wp-content\/uploads\/2017\/08\/file-1-300x225.jpeg 300w, https:\/\/www.conselharan.org\/wp-content\/uploads\/2017\/08\/file-1-768x576.jpeg 768w\" sizes=\"(max-width: 1024px) 100vw, 1024px\" \/><\/a><\/p>\n ","protected":false},"excerpt":{"rendered":"<p>Vielha, 18 d\u2019agost de 2017.- El Conselh Generau d\u2019Aran i l\u2019Ajuntament de Vielha e Mijaran invertiran 13.000 \u20ac en la reforma i millora de les finestres i persianes del Centre de Formaci\u00f3 d\u2019Adults de la Val d\u2019Aran. Ambdues institucions han signat un conveni de 6.500\u20ac cadascun per poder emprendre aquestes obres de millora del centre&#8230;.<\/p>\n","protected":false},"author":2,"featured_media":18664,"comment_status":"closed","ping_status":"closed","sticky":false,"template":"","format":"standard","meta":{"footnotes":""},"categories":[53],"tags":[],"_links":{"self":[{"href":"https:\/\/www.conselharan.org\/ca\/wp-json\/wp\/v2\/posts\/18676"}],"collection":[{"href":"https:\/\/www.conselharan.org\/ca\/wp-json\/wp\/v2\/posts"}],"about":[{"href":"https:\/\/www.conselharan.org\/ca\/wp-json\/wp\/v2\/types\/post"}],"author":[{"embeddable":true,"href":"https:\/\/www.conselharan.org\/ca\/wp-json\/wp\/v2\/users\/2"}],"replies":[{"embeddable":true,"href":"https:\/\/www.conselharan.org\/ca\/wp-json\/wp\/v2\/comments?post=18676"}],"version-history":[{"count":3,"href":"https:\/\/www.conselharan.org\/ca\/wp-json\/wp\/v2\/posts\/18676\/revisions"}],"predecessor-version":[{"id":18684,"href":"https:\/\/www.conselharan.org\/ca\/wp-json\/wp\/v2\/posts\/18676\/revisions\/18684"}],"wp:featuredmedia":[{"embeddable":true,"href":"https:\/\/www.conselharan.org\/ca\/wp-json\/wp\/v2\/media\/18664"}],"wp:attachment":[{"href":"https:\/\/www.conselharan.org\/ca\/wp-json\/wp\/v2\/media?parent=18676"}],"wp:term":[{"taxonomy":"category","embeddable":true,"href":"https:\/\/www.conselharan.org\/ca\/wp-json\/wp\/v2\/categories?post=18676"},{"taxonomy":"post_tag","embeddable":true,"href":"https:\/\/www.conselharan.org\/ca\/wp-json\/wp\/v2\/tags?post=18676"}],"curies":[{"name":"wp","href":"https:\/\/api.w.org\/{rel}","templated":true}]}}