{"id":18735,"date":"2017-08-25T14:47:29","date_gmt":"2017-08-25T12:47:29","guid":{"rendered":"http:\/\/www.conselharan.org\/ca\/?p=18735"},"modified":"2017-08-31T16:54:28","modified_gmt":"2017-08-31T14:54:28","slug":"el-conselh-generau-daran-adjudica-el-projecte-de-reforma-de-la-residencia-de-les","status":"publish","type":"post","link":"https:\/\/www.conselharan.org\/ca\/el-conselh-generau-daran-adjudica-el-projecte-de-reforma-de-la-residencia-de-les\/","title":{"rendered":"El Conselh Generau d\u2019Aran adjudica el projecte de reforma de la Resid\u00e8ncia de Les"},"content":{"rendered":"<p>Vielha, 25 d\u2019agost de 2017.- El Conselh Generau d\u2019Aran ha adjudicat el contracte administratiu del servei de Redacci\u00f3 del projecte executiu d\u2019arquitectura i d\u2019instal\u00b7lacions i direcci\u00f3 d\u2019obra i direcci\u00f3 d\u2019execuci\u00f3 de la reforma de la Resid\u00e8ncia de Les, a l\u2019empresa ECT ARQUITECTES SL \u2013 MOSE SERVEIS D\u2019ENGINYERIA SLPU UTE.<\/p>\n<p><a href=\"http:\/\/www.conselharan.org\/wp-content\/uploads\/2017\/08\/REsidencia-Les.jpeg\"><img loading=\"lazy\" decoding=\"async\" class=\"aligncenter size-large wp-image-18730\" src=\"http:\/\/www.conselharan.org\/wp-content\/uploads\/2017\/08\/REsidencia-Les-1024x768.jpeg\" alt=\"REsidencia Les\" width=\"1024\" height=\"768\" srcset=\"https:\/\/www.conselharan.org\/wp-content\/uploads\/2017\/08\/REsidencia-Les-1024x768.jpeg 1024w, https:\/\/www.conselharan.org\/wp-content\/uploads\/2017\/08\/REsidencia-Les-300x225.jpeg 300w, https:\/\/www.conselharan.org\/wp-content\/uploads\/2017\/08\/REsidencia-Les-768x576.jpeg 768w\" sizes=\"(max-width: 1024px) 100vw, 1024px\" \/><\/a><\/p>\n<p>El pressupost del contracte \u00e9s de vuitanta-nou mil tres-cents vuitanta-dos euros amb setanta c\u00e8ntims (89.382,70 \u20ac) IVA incl\u00f2s, amb el desglossament seg\u00fcent:<\/p>\n<p>&nbsp;<\/p>\n<ul>\n<li>Redacci\u00f3 del projecte executiu d\u2019arquitectura: Dinou mil cinc-cents noranta-set euros (19.597,00 \u20ac), IVA incl\u00f2s,<\/li>\n<li>Redacci\u00f3 del projecte executiu d\u2019enginyeria: Disset mil dos-cents sis euros (17.206,00 \u20ac), IVA incl\u00f2s,<\/li>\n<li>Direcci\u00f3 de les obres d\u2019arquitectura i instal\u00b7lacions: Trenta-tres mil quatre-cents euros (33.400,00 \u20ac), IVA incl\u00f2s,<\/li>\n<li>Direcci\u00f3 d\u2019execuci\u00f3 d\u2019arquitectura i instal\u00b7lacions: Dinou mil cent vuitanta euros (19.180,00 \u20ac), IVA incl\u00f2s<\/li>\n<\/ul>\n<p>&nbsp;<\/p>\n<p>El termini d\u2019execuci\u00f3 del contracte \u00e9s de 4 mesos pel que fa a la redacci\u00f3 del projecte executiu d\u2019arquitectura i enginyeria.<\/p>\n<p>El sindic d\u2019Aran, <strong>Carlos Barrera<\/strong>, ha indicat que amb l\u2019adjudicaci\u00f3 d\u2019aquest contracte, es continuen els treballs per a la construcci\u00f3 de la nova resid\u00e8ncia geri\u00e0trica de la Val d\u2019Aran, a Les, que \u00e9s una de les prioritats del Gov\u00e8rn d\u2019Aran. Per Barrera, el m\u00e9s important de tot \u00e9s que el Gov\u00e8rn d\u2019Aran i la Generalitat de Catalunya, puguin garantir la prestaci\u00f3 de tots els serveis del Conselh Generau d\u2019Aran i entre 20 i 30 places consorciades en aquest projecte.<\/p>\n ","protected":false},"excerpt":{"rendered":"<p>Vielha, 25 d\u2019agost de 2017.- El Conselh Generau d\u2019Aran ha adjudicat el contracte administratiu del servei de Redacci\u00f3 del projecte executiu d\u2019arquitectura i d\u2019instal\u00b7lacions i direcci\u00f3 d\u2019obra i direcci\u00f3 d\u2019execuci\u00f3 de la reforma de la Resid\u00e8ncia de Les, a l\u2019empresa ECT ARQUITECTES SL \u2013 MOSE SERVEIS D\u2019ENGINYERIA SLPU UTE. El pressupost del contracte \u00e9s de&#8230;<\/p>\n","protected":false},"author":2,"featured_media":18730,"comment_status":"closed","ping_status":"closed","sticky":false,"template":"","format":"standard","meta":{"footnotes":""},"categories":[53,36],"tags":[],"_links":{"self":[{"href":"https:\/\/www.conselharan.org\/ca\/wp-json\/wp\/v2\/posts\/18735"}],"collection":[{"href":"https:\/\/www.conselharan.org\/ca\/wp-json\/wp\/v2\/posts"}],"about":[{"href":"https:\/\/www.conselharan.org\/ca\/wp-json\/wp\/v2\/types\/post"}],"author":[{"embeddable":true,"href":"https:\/\/www.conselharan.org\/ca\/wp-json\/wp\/v2\/users\/2"}],"replies":[{"embeddable":true,"href":"https:\/\/www.conselharan.org\/ca\/wp-json\/wp\/v2\/comments?post=18735"}],"version-history":[{"count":1,"href":"https:\/\/www.conselharan.org\/ca\/wp-json\/wp\/v2\/posts\/18735\/revisions"}],"predecessor-version":[{"id":18736,"href":"https:\/\/www.conselharan.org\/ca\/wp-json\/wp\/v2\/posts\/18735\/revisions\/18736"}],"wp:featuredmedia":[{"embeddable":true,"href":"https:\/\/www.conselharan.org\/ca\/wp-json\/wp\/v2\/media\/18730"}],"wp:attachment":[{"href":"https:\/\/www.conselharan.org\/ca\/wp-json\/wp\/v2\/media?parent=18735"}],"wp:term":[{"taxonomy":"category","embeddable":true,"href":"https:\/\/www.conselharan.org\/ca\/wp-json\/wp\/v2\/categories?post=18735"},{"taxonomy":"post_tag","embeddable":true,"href":"https:\/\/www.conselharan.org\/ca\/wp-json\/wp\/v2\/tags?post=18735"}],"curies":[{"name":"wp","href":"https:\/\/api.w.org\/{rel}","templated":true}]}}