{"id":18825,"date":"2017-09-01T12:35:03","date_gmt":"2017-09-01T10:35:03","guid":{"rendered":"http:\/\/www.conselharan.org\/ca\/?p=18825"},"modified":"2017-09-01T14:32:09","modified_gmt":"2017-09-01T12:32:09","slug":"el-conselh-generau-daran-obre-el-termini-de-sol%c2%b7licitud-dels-ajuts-als-joves-esportistes-aranesos-2","status":"publish","type":"post","link":"https:\/\/www.conselharan.org\/ca\/el-conselh-generau-daran-obre-el-termini-de-sol%c2%b7licitud-dels-ajuts-als-joves-esportistes-aranesos-2\/","title":{"rendered":"El Conselh Generau d\u2019Aran obre el termini de sol\u00b7licitud dels ajuts als joves esportistes aranesos"},"content":{"rendered":"<p>Vielha, 1 de setembre de 2017.- El\u00a0<strong>Conselh Generau d\u2019Aran<\/strong>\u00a0ha obert el per\u00edode per sol\u00b7licitar els ajuts i subvencions econ\u00f2miques per a la temporada 2017\/2018 als joves esportistes aranesos. L\u2019objectiu d\u2019aquests ajuts, \u00e9s motivar la continu\u00eftat de la seva carrera esportiva\u00a0mentre estudien, amb la finalitat que puguin acabar convertint-se en esportistes d\u2019alt rendiment. El termini de presentaci\u00f3 de sol\u00b7licituds \u00e9s obert fins al 30 de setembre de 2017.<\/p>\n<p><a href=\"http:\/\/www.conselharan.org\/wp-content\/uploads\/2017\/09\/ajudes.jpg\"><img loading=\"lazy\" decoding=\"async\" class=\"aligncenter size-large wp-image-18821\" src=\"http:\/\/www.conselharan.org\/wp-content\/uploads\/2017\/09\/ajudes-1024x538.jpg\" alt=\"ajudes\" width=\"1024\" height=\"538\" srcset=\"https:\/\/www.conselharan.org\/wp-content\/uploads\/2017\/09\/ajudes-1024x538.jpg 1024w, https:\/\/www.conselharan.org\/wp-content\/uploads\/2017\/09\/ajudes-300x158.jpg 300w, https:\/\/www.conselharan.org\/wp-content\/uploads\/2017\/09\/ajudes-768x404.jpg 768w, https:\/\/www.conselharan.org\/wp-content\/uploads\/2017\/09\/ajudes.jpg 1200w\" sizes=\"(max-width: 1024px) 100vw, 1024px\" \/><\/a><\/p>\n<p>Els requisits indispensables per ser beneficiari d\u2019aquests ajuts s\u00f3n, cursar ensenyaments obligatoris (ESO) o post obligatoris (Cicles Formatius, Batxillerat o Estudis Universitaris), entre els 12 i els 22 anys, ser esportistes en actiu\u00a0 i cursar actualment qualsevol dels estudis establerts en l&#8217;article 3 de les bases.<\/p>\n<p>&nbsp;<\/p>\n<p>Tenir aprovat el percentatge d\u2019assignatures que s\u2019indiquen tot seguit:<\/p>\n<p>En el cas de ser cursant estudis d\u2019ESO o Batxillerat, tenir aprovat el 100% de les assignatures matriculades en el curs anterior a l&#8217;actual.<\/p>\n<p>&nbsp;<\/p>\n<p>En el cas de ser cursant d\u2019estudis universitaris:<\/p>\n<p>Carreres t\u00e8cniques: Estar matriculats en un m\u00ednim del 50% d&#8217;assignatures i haver aprovat el 70% els cr\u00e8dits matriculats en el curs anterior a l\u2019actual.<\/p>\n<p>Carreres human\u00edstiques, socials, lletres: Estar matriculats en un m\u00ednim del 50% d&#8217;assignatures i haver aprovat el 80% els cr\u00e8dits matriculats en el curs anterior a l&#8217;actual.<\/p>\n<p>&nbsp;<\/p>\n<p>A m\u00e9s cal que els beneficiaris siguin residents a l\u2019Aran, amb un empadronament en qualsevol dels municipis aranesos durant un m\u00ednim dels dos anys immediatament anteriors a aquesta convocat\u00f2ria.<\/p>\n<p>Per concedir les subvencions el Conselh Generau d\u2019Aran, crear\u00e0 una Comissi\u00f3 T\u00e8cnica de Valoraci\u00f3, integrada entre d\u2019altres pel conselh\u00e8r d\u2019Esp\u00f2rts e Joenessa del Gov\u00e8rn d\u2019Aran\u00a0<strong>Lu\u00eds Carlos Medina<\/strong>\u00a0i per el responsable t\u00e8cnic del Conselh Esportiu de la Val d\u2019Aran.<\/p>\n<p>&nbsp;<\/p>\n<p><strong>Es concediran dos tipus de subvencions:<\/strong><\/p>\n<p><strong>-Beca A\u00a0per un import de\u00a01.500 \u20ac.<\/strong><\/p>\n<p><strong>-Beca B\u00a0per un import de\u00a0750 \u20ac.<\/strong><\/p>\n<p>Per concedir aquests ajuts, es considerar\u00e0 l\u2019edat dels esportistes, aix\u00ed com els resultats esportius obtinguts i els diferents nivells de competici\u00f3 en que participin (grup de competici\u00f3 internacional, estatal o auton\u00f2mica).<\/p>\n<p>El termini de presentaci\u00f3 de sol\u00b7licituds \u00e9s fins el 30 de setembre de 2017.<\/p>\n<p>&nbsp;<\/p>\n ","protected":false},"excerpt":{"rendered":"<p>Vielha, 1 de setembre de 2017.- El\u00a0Conselh Generau d\u2019Aran\u00a0ha obert el per\u00edode per sol\u00b7licitar els ajuts i subvencions econ\u00f2miques per a la temporada 2017\/2018 als joves esportistes aranesos. L\u2019objectiu d\u2019aquests ajuts, \u00e9s motivar la continu\u00eftat de la seva carrera esportiva\u00a0mentre estudien, amb la finalitat que puguin acabar convertint-se en esportistes d\u2019alt rendiment. El termini de&#8230;<\/p>\n","protected":false},"author":2,"featured_media":18820,"comment_status":"closed","ping_status":"closed","sticky":false,"template":"","format":"standard","meta":{"footnotes":""},"categories":[53],"tags":[],"_links":{"self":[{"href":"https:\/\/www.conselharan.org\/ca\/wp-json\/wp\/v2\/posts\/18825"}],"collection":[{"href":"https:\/\/www.conselharan.org\/ca\/wp-json\/wp\/v2\/posts"}],"about":[{"href":"https:\/\/www.conselharan.org\/ca\/wp-json\/wp\/v2\/types\/post"}],"author":[{"embeddable":true,"href":"https:\/\/www.conselharan.org\/ca\/wp-json\/wp\/v2\/users\/2"}],"replies":[{"embeddable":true,"href":"https:\/\/www.conselharan.org\/ca\/wp-json\/wp\/v2\/comments?post=18825"}],"version-history":[{"count":6,"href":"https:\/\/www.conselharan.org\/ca\/wp-json\/wp\/v2\/posts\/18825\/revisions"}],"predecessor-version":[{"id":18841,"href":"https:\/\/www.conselharan.org\/ca\/wp-json\/wp\/v2\/posts\/18825\/revisions\/18841"}],"wp:featuredmedia":[{"embeddable":true,"href":"https:\/\/www.conselharan.org\/ca\/wp-json\/wp\/v2\/media\/18820"}],"wp:attachment":[{"href":"https:\/\/www.conselharan.org\/ca\/wp-json\/wp\/v2\/media?parent=18825"}],"wp:term":[{"taxonomy":"category","embeddable":true,"href":"https:\/\/www.conselharan.org\/ca\/wp-json\/wp\/v2\/categories?post=18825"},{"taxonomy":"post_tag","embeddable":true,"href":"https:\/\/www.conselharan.org\/ca\/wp-json\/wp\/v2\/tags?post=18825"}],"curies":[{"name":"wp","href":"https:\/\/api.w.org\/{rel}","templated":true}]}}