{"id":18848,"date":"2017-09-01T15:02:46","date_gmt":"2017-09-01T13:02:46","guid":{"rendered":"http:\/\/www.conselharan.org\/ca\/?p=18848"},"modified":"2017-09-01T15:02:46","modified_gmt":"2017-09-01T13:02:46","slug":"el-conselh-generau-daran-amplia-les-instal%c2%b7lacions-de-la-deixalleria-de-vielha","status":"publish","type":"post","link":"https:\/\/www.conselharan.org\/ca\/el-conselh-generau-daran-amplia-les-instal%c2%b7lacions-de-la-deixalleria-de-vielha\/","title":{"rendered":"El Conselh Generau d\u2019Aran amplia les instal\u00b7lacions de la deixalleria de Vielha"},"content":{"rendered":"<p>Vielha, 1 de setembre de 2017.- El <strong>Conselh Generau d\u2019Aran<\/strong> ha comen\u00e7at les obres de reforma i ampliaci\u00f3 de la deixalleria de Vielha per tal d\u2019augmentar la capacitat de disposici\u00f3 de contenidors per incrementar la recollida selectiva de residus a la Val d\u2019Aran.<\/p>\n<p><a href=\"http:\/\/www.conselharan.org\/wp-content\/uploads\/2017\/09\/IMG_8280.jpg\"><img loading=\"lazy\" decoding=\"async\" class=\"aligncenter size-large wp-image-18844\" src=\"http:\/\/www.conselharan.org\/wp-content\/uploads\/2017\/09\/IMG_8280-1024x768.jpg\" alt=\"IMG_8280\" width=\"1024\" height=\"768\" srcset=\"https:\/\/www.conselharan.org\/wp-content\/uploads\/2017\/09\/IMG_8280-1024x768.jpg 1024w, https:\/\/www.conselharan.org\/wp-content\/uploads\/2017\/09\/IMG_8280-300x225.jpg 300w, https:\/\/www.conselharan.org\/wp-content\/uploads\/2017\/09\/IMG_8280-768x576.jpg 768w\" sizes=\"(max-width: 1024px) 100vw, 1024px\" \/><\/a><\/p>\n<p>Per minimitzar el volum a sanejar i poder maximitzar la capacitat dels contenidors de la deixalleria s\u2019ha adoptat un disseny dels murs en espina de peix, de manera que s\u2019ha passat d\u2019una capacitat de triatge de 5 a 14 contenidors. Adaptant d\u2019aquesta manera la deixalleria als requisits d\u2019homologaci\u00f3 establerts per l\u2019Ag\u00e8ncia Catalana de Residus.<\/p>\n<p>D\u2019altra banda s\u2019han analitzat les traject\u00f2ries dels vehicles pesats a la deixalleria, per tal de verificar que els vehicles necessaris per al seu funcionament puguin accedir-hi i desenvolupar les tasques necess\u00e0ries correctament. S\u2019ha ampliat la longitud de la porta d\u2019acc\u00e9s per permetre la sortida de camions tipus tr\u00e0iler.<\/p>\n<p>El Gov\u00e8rn d\u2019Aran, ha destinat un <strong>pressupost de 374.446\u20ac<\/strong> a la inversi\u00f3 d\u2019aquest equipament, que tamb\u00e9 ha previst la reserva d\u2019espais per a futures instal\u00b7lacions complement\u00e0ries, com s\u00f3n el sistema de compactaci\u00f3 de cartr\u00f3 i el sistema de compactaci\u00f3 i trituraci\u00f3 de contingut dels contenidors, que es realitzaran en un futur.<\/p>\n<p>\u00c9s previst que les obres de reforma estiguin acabades el proper mes de novembre.<\/p>\n<p>El conselh\u00e8r de Territori d\u2019Aran, <strong>Jos\u00e9 Antonio Boya<\/strong>, ha destacat que totes les actuacions que en aquest sentit duu a terme el Conselh Generau d\u2019Aran en quant a la millora de la gesti\u00f3 dels residus, han de servir per esperonar a la ciutadania per contribuir a la recollida selectiva i per qu\u00e8 no es deixin determinats residus al costat dels contenidors urbans que han de ser dipositats a la deixalleria.<\/p>\n<p><a href=\"http:\/\/www.conselharan.org\/wp-content\/uploads\/2017\/09\/IMG_8253.jpg\"><img loading=\"lazy\" decoding=\"async\" class=\"aligncenter size-large wp-image-18843\" src=\"http:\/\/www.conselharan.org\/wp-content\/uploads\/2017\/09\/IMG_8253-1024x768.jpg\" alt=\"IMG_8253\" width=\"1024\" height=\"768\" srcset=\"https:\/\/www.conselharan.org\/wp-content\/uploads\/2017\/09\/IMG_8253-1024x768.jpg 1024w, https:\/\/www.conselharan.org\/wp-content\/uploads\/2017\/09\/IMG_8253-300x225.jpg 300w, https:\/\/www.conselharan.org\/wp-content\/uploads\/2017\/09\/IMG_8253-768x576.jpg 768w\" sizes=\"(max-width: 1024px) 100vw, 1024px\" \/><\/a><\/p>\n<p>&nbsp;<\/p>\n<p>&nbsp;<\/p>\n<p>&nbsp;<\/p>\n<p>&nbsp;<\/p>\n ","protected":false},"excerpt":{"rendered":"<p>Vielha, 1 de setembre de 2017.- El Conselh Generau d\u2019Aran ha comen\u00e7at les obres de reforma i ampliaci\u00f3 de la deixalleria de Vielha per tal d\u2019augmentar la capacitat de disposici\u00f3 de contenidors per incrementar la recollida selectiva de residus a la Val d\u2019Aran. Per minimitzar el volum a sanejar i poder maximitzar la capacitat dels&#8230;<\/p>\n","protected":false},"author":2,"featured_media":18844,"comment_status":"closed","ping_status":"closed","sticky":false,"template":"","format":"standard","meta":{"footnotes":""},"categories":[53],"tags":[],"_links":{"self":[{"href":"https:\/\/www.conselharan.org\/ca\/wp-json\/wp\/v2\/posts\/18848"}],"collection":[{"href":"https:\/\/www.conselharan.org\/ca\/wp-json\/wp\/v2\/posts"}],"about":[{"href":"https:\/\/www.conselharan.org\/ca\/wp-json\/wp\/v2\/types\/post"}],"author":[{"embeddable":true,"href":"https:\/\/www.conselharan.org\/ca\/wp-json\/wp\/v2\/users\/2"}],"replies":[{"embeddable":true,"href":"https:\/\/www.conselharan.org\/ca\/wp-json\/wp\/v2\/comments?post=18848"}],"version-history":[{"count":1,"href":"https:\/\/www.conselharan.org\/ca\/wp-json\/wp\/v2\/posts\/18848\/revisions"}],"predecessor-version":[{"id":18849,"href":"https:\/\/www.conselharan.org\/ca\/wp-json\/wp\/v2\/posts\/18848\/revisions\/18849"}],"wp:featuredmedia":[{"embeddable":true,"href":"https:\/\/www.conselharan.org\/ca\/wp-json\/wp\/v2\/media\/18844"}],"wp:attachment":[{"href":"https:\/\/www.conselharan.org\/ca\/wp-json\/wp\/v2\/media?parent=18848"}],"wp:term":[{"taxonomy":"category","embeddable":true,"href":"https:\/\/www.conselharan.org\/ca\/wp-json\/wp\/v2\/categories?post=18848"},{"taxonomy":"post_tag","embeddable":true,"href":"https:\/\/www.conselharan.org\/ca\/wp-json\/wp\/v2\/tags?post=18848"}],"curies":[{"name":"wp","href":"https:\/\/api.w.org\/{rel}","templated":true}]}}