{"id":18900,"date":"2017-09-04T15:23:46","date_gmt":"2017-09-04T13:23:46","guid":{"rendered":"http:\/\/www.conselharan.org\/ca\/?p=18900"},"modified":"2017-09-04T15:23:46","modified_gmt":"2017-09-04T13:23:46","slug":"recepcio-a-lalpinista-oscar-cadiach","status":"publish","type":"post","link":"https:\/\/www.conselharan.org\/ca\/recepcio-a-lalpinista-oscar-cadiach\/","title":{"rendered":"Recepci\u00f3 a l\u2019alpinista \u00d2scar Cadiach"},"content":{"rendered":"<p>Vielha, 4 de setembre de 2017.- L\u2019alpinista <strong>\u00d2scar Cadiach<\/strong> que aquest estiu ha coronat el Broad Peak de 8.047 metres, ha estat rebut avui a la seu del Conselh Generau pel s\u00edndic d\u2019Aran, <strong>Carlos Barrera<\/strong>.<\/p>\n<p><a href=\"http:\/\/www.conselharan.org\/wp-content\/uploads\/2017\/09\/2.jpeg\"><img loading=\"lazy\" decoding=\"async\" class=\"aligncenter size-large wp-image-18894\" src=\"http:\/\/www.conselharan.org\/wp-content\/uploads\/2017\/09\/2-1024x768.jpeg\" alt=\"2\" width=\"1024\" height=\"768\" srcset=\"https:\/\/www.conselharan.org\/wp-content\/uploads\/2017\/09\/2-1024x768.jpeg 1024w, https:\/\/www.conselharan.org\/wp-content\/uploads\/2017\/09\/2-300x225.jpeg 300w, https:\/\/www.conselharan.org\/wp-content\/uploads\/2017\/09\/2-768x576.jpeg 768w, https:\/\/www.conselharan.org\/wp-content\/uploads\/2017\/09\/2.jpeg 1600w\" sizes=\"(max-width: 1024px) 100vw, 1024px\" \/><\/a><\/p>\n<p>Cadiach, que en aquesta \u00faltima expedici\u00f3 ha comptat amb el patrocini de Torisme Val d\u2019Aran, es va convertir el passat 27 de juliol a les 11h del mat\u00ed, en el primer catal\u00e0 que corona els catorze vuit mils sense oxigen, entrant als seus 64 anys, a la selecta llista de 20 alpinistes que han completat els 14\u00d78.000 sense oxigen.<\/p>\n<p>El s\u00edndic d\u2019Aran, Carlos Barrera, ha explicat durant la recepci\u00f3 que van comen\u00e7ar a parlar de donar suport a l\u2019expedici\u00f3 de Cadiach des del Conselh Generau d\u2019Aran, durant la presentaci\u00f3 de la temporada de Baqueira Beret de l\u2019any passat, i que el Gov\u00e8rn d\u2019Aran es sentia orgull\u00f3s d\u2019haver col\u00b7laborat en aquest repte de l\u2019alpinista, per qu\u00e8 si hi ha alg\u00fa que ent\u00e9n la filosofia de la muntanya, aquest \u00e9s \u00d2scar Cadiach, ha dit.<\/p>\n<p>Per la seva part Cadiach, ha explicat que en el seu moment, ja fa alguns anys, va quedar enamorat de la verdor de les muntanyes i de la gent de la Val d\u2019Aran, i per suposat del blanc de la neu a l\u2019hivern. Cadiach, ha volgut agrair molt especialment la col\u00b7laboraci\u00f3 de la conselh\u00e8ra de Torisme d\u2019Aran, <strong>Anna D\u00edaz<\/strong>, en aquesta expedici\u00f3 al Broad Peak, ja que la Val d\u2019Aran, \u00e9s \u201cl\u2019Ess\u00e8ncia dels Pirineus\u201d i ara toca el Pirineu i aqu\u00ed estarem, ha reblat.<\/p>\n<p>Finalment, el s\u00edndic d\u2019Aran, Carlos Barrera, ha convidat \u00d2scar Cadiach a participar a la inauguraci\u00f3 del nou refugi de l\u2019Artiga de Lin, a la ruta aranesa de l\u2019Aneto, un dels \u00faltims projectes del Conselh Generau d\u2019Aran, en la preservaci\u00f3 de la natura i de la filosofia de vida de muntanya de la Val d\u2019Aran.<\/p>\n<p><a href=\"http:\/\/www.conselharan.org\/wp-content\/uploads\/2017\/09\/5.jpeg\"><img loading=\"lazy\" decoding=\"async\" class=\"aligncenter size-large wp-image-18897\" src=\"http:\/\/www.conselharan.org\/wp-content\/uploads\/2017\/09\/5-1024x768.jpeg\" alt=\"5\" width=\"1024\" height=\"768\" srcset=\"https:\/\/www.conselharan.org\/wp-content\/uploads\/2017\/09\/5-1024x768.jpeg 1024w, https:\/\/www.conselharan.org\/wp-content\/uploads\/2017\/09\/5-300x225.jpeg 300w, https:\/\/www.conselharan.org\/wp-content\/uploads\/2017\/09\/5-768x576.jpeg 768w, https:\/\/www.conselharan.org\/wp-content\/uploads\/2017\/09\/5.jpeg 1600w\" sizes=\"(max-width: 1024px) 100vw, 1024px\" \/><\/a> <a href=\"http:\/\/www.conselharan.org\/wp-content\/uploads\/2017\/09\/6.jpeg\"><img loading=\"lazy\" decoding=\"async\" class=\"aligncenter size-large wp-image-18898\" src=\"http:\/\/www.conselharan.org\/wp-content\/uploads\/2017\/09\/6-1024x768.jpeg\" alt=\"6\" width=\"1024\" height=\"768\" srcset=\"https:\/\/www.conselharan.org\/wp-content\/uploads\/2017\/09\/6-1024x768.jpeg 1024w, https:\/\/www.conselharan.org\/wp-content\/uploads\/2017\/09\/6-300x225.jpeg 300w, https:\/\/www.conselharan.org\/wp-content\/uploads\/2017\/09\/6-768x576.jpeg 768w, https:\/\/www.conselharan.org\/wp-content\/uploads\/2017\/09\/6.jpeg 1600w\" sizes=\"(max-width: 1024px) 100vw, 1024px\" \/><\/a><\/p>\n<p>&nbsp;<\/p>\n<p>&nbsp;<\/p>\n ","protected":false},"excerpt":{"rendered":"<p>Vielha, 4 de setembre de 2017.- L\u2019alpinista \u00d2scar Cadiach que aquest estiu ha coronat el Broad Peak de 8.047 metres, ha estat rebut avui a la seu del Conselh Generau pel s\u00edndic d\u2019Aran, Carlos Barrera. Cadiach, que en aquesta \u00faltima expedici\u00f3 ha comptat amb el patrocini de Torisme Val d\u2019Aran, es va convertir el passat&#8230;<\/p>\n","protected":false},"author":2,"featured_media":18894,"comment_status":"closed","ping_status":"closed","sticky":false,"template":"","format":"standard","meta":{"footnotes":""},"categories":[53,36,139],"tags":[],"_links":{"self":[{"href":"https:\/\/www.conselharan.org\/ca\/wp-json\/wp\/v2\/posts\/18900"}],"collection":[{"href":"https:\/\/www.conselharan.org\/ca\/wp-json\/wp\/v2\/posts"}],"about":[{"href":"https:\/\/www.conselharan.org\/ca\/wp-json\/wp\/v2\/types\/post"}],"author":[{"embeddable":true,"href":"https:\/\/www.conselharan.org\/ca\/wp-json\/wp\/v2\/users\/2"}],"replies":[{"embeddable":true,"href":"https:\/\/www.conselharan.org\/ca\/wp-json\/wp\/v2\/comments?post=18900"}],"version-history":[{"count":1,"href":"https:\/\/www.conselharan.org\/ca\/wp-json\/wp\/v2\/posts\/18900\/revisions"}],"predecessor-version":[{"id":18901,"href":"https:\/\/www.conselharan.org\/ca\/wp-json\/wp\/v2\/posts\/18900\/revisions\/18901"}],"wp:featuredmedia":[{"embeddable":true,"href":"https:\/\/www.conselharan.org\/ca\/wp-json\/wp\/v2\/media\/18894"}],"wp:attachment":[{"href":"https:\/\/www.conselharan.org\/ca\/wp-json\/wp\/v2\/media?parent=18900"}],"wp:term":[{"taxonomy":"category","embeddable":true,"href":"https:\/\/www.conselharan.org\/ca\/wp-json\/wp\/v2\/categories?post=18900"},{"taxonomy":"post_tag","embeddable":true,"href":"https:\/\/www.conselharan.org\/ca\/wp-json\/wp\/v2\/tags?post=18900"}],"curies":[{"name":"wp","href":"https:\/\/api.w.org\/{rel}","templated":true}]}}