{"id":18989,"date":"2017-09-07T14:59:54","date_gmt":"2017-09-07T12:59:54","guid":{"rendered":"http:\/\/www.conselharan.org\/ca\/?p=18989"},"modified":"2017-09-13T09:50:34","modified_gmt":"2017-09-13T07:50:34","slug":"millora-del-cami-natural-de-soberado-al-mirador-de-laigua","status":"publish","type":"post","link":"https:\/\/www.conselharan.org\/ca\/millora-del-cami-natural-de-soberado-al-mirador-de-laigua\/","title":{"rendered":"Millora del Cam\u00ed natural de Soberado al mirador de l\u2019aigua"},"content":{"rendered":"<p>Vielha, 7 de setembre de 2017.-\u00a0 El <strong>Conselh Generau d\u2019Aran<\/strong> a trav\u00e9s de l\u2019empresa <strong>S.A.V.A<\/strong>. ha portat a terme aquest estiu la recuperaci\u00f3 del tram entre <strong>el Cam\u00ed de Soberado i el mirador de l\u2019aigua.<\/strong><\/p>\n<p><a href=\"http:\/\/www.conselharan.org\/wp-content\/uploads\/2017\/09\/IMG_8614.jpg\"><img loading=\"lazy\" decoding=\"async\" class=\"aligncenter size-large wp-image-18981\" src=\"http:\/\/www.conselharan.org\/wp-content\/uploads\/2017\/09\/IMG_8614-1024x768.jpg\" alt=\"IMG_8614\" width=\"1024\" height=\"768\" srcset=\"https:\/\/www.conselharan.org\/wp-content\/uploads\/2017\/09\/IMG_8614-1024x768.jpg 1024w, https:\/\/www.conselharan.org\/wp-content\/uploads\/2017\/09\/IMG_8614-300x225.jpg 300w, https:\/\/www.conselharan.org\/wp-content\/uploads\/2017\/09\/IMG_8614-768x576.jpg 768w\" sizes=\"(max-width: 1024px) 100vw, 1024px\" \/><\/a><\/p>\n<p>L\u2019empla\u00e7ament de la zona on s\u2019ha efectuat l\u2019actuaci\u00f3, es ruta entre Vielha i el Port de la Picada passant pel Refugi de l\u2019Artiga de Lin.<\/p>\n<p>Es tracta de l\u2019antic cam\u00ed d\u2019acc\u00e9s a l\u2019Artiga de Lin que contenia gran quantitat de vegetaci\u00f3 que el tapava, pedres caigudes dels murs i erosionat per l\u2019aigua.<\/p>\n<p>S\u2019ha constru\u00eft\u00a0 un acc\u00e9s al cam\u00ed des de l\u2019Aparcament de l\u2019Artiga de Lin, quatre passarel\u00b7les per a creuar els barrancs d\u2019Aubert i de Bernatet i de la font existent, a m\u00e9s de reperfilar el cam\u00ed desbrossant la zona per donar-li una amplada de 1,20m, i de la construcci\u00f3 de baranes de seguretat al llarg de tot el cam\u00ed i en el mirador de l\u2019aigua.<\/p>\n<p>Amb aquesta actuaci\u00f3 que s\u2019inclou dins dels treballs realitzats en els darrers mesos per part del Conselh Generau d\u2019Aran per a la millora de l\u2019acc\u00e9s a la ribera de l\u2019Artiga de Lin, i que tamb\u00e9 inclou el trenet de l\u2019Artiga, els visitants poden accedir caminant des de el mateix aparcament al costat de l\u2019ermita fins als Uelhs deth Joeu i arribar fins al mateix Pla de l\u2019Artiga.<\/p>\n<p>El Gov\u00e8rn d\u2019Aran ha destinat en aquesta actuaci\u00f3 un pressupost de <strong>25.768 \u20ac \u00a0provinents del departament d\u2019Empresa i Coneixement de la Generalitat \u00a0i del Conveni de col\u00b7laboraci\u00f3 entre el Conselh Generau d\u2019Aran i la Fundaci\u00f3n Endesa per a la recuperaci\u00f3 de camins a la Val d\u2019Aran malmesos pels aiguats de l\u2019any 2013. <\/strong><\/p>\n<p>Amb la millora del Cam\u00ed de Soberado al mirador de l\u2019aigua, els visitants de la ribera de l\u2019Artiga de Lin, poden gaudir de tota la bellesa d\u2019aquest indret i escollir de quina manera volen efectuar la visita, ja que poden accedir-hi amb el trenet de l\u2019Artiga a l\u2019hora de pujar fins al pla i baixar caminant per aquest nou cam\u00ed, o fer ho a la inversa.<\/p>\n<p><a href=\"http:\/\/www.conselharan.org\/wp-content\/uploads\/2017\/09\/IMG_8595.jpg\"><img loading=\"lazy\" decoding=\"async\" class=\"aligncenter size-large wp-image-18980\" src=\"http:\/\/www.conselharan.org\/wp-content\/uploads\/2017\/09\/IMG_8595-1024x768.jpg\" alt=\"IMG_8595\" width=\"1024\" height=\"768\" srcset=\"https:\/\/www.conselharan.org\/wp-content\/uploads\/2017\/09\/IMG_8595-1024x768.jpg 1024w, https:\/\/www.conselharan.org\/wp-content\/uploads\/2017\/09\/IMG_8595-300x225.jpg 300w, https:\/\/www.conselharan.org\/wp-content\/uploads\/2017\/09\/IMG_8595-768x576.jpg 768w\" sizes=\"(max-width: 1024px) 100vw, 1024px\" \/><\/a> <a href=\"http:\/\/www.conselharan.org\/wp-content\/uploads\/2017\/09\/IMG_8647-2.jpg\"><img loading=\"lazy\" decoding=\"async\" class=\"aligncenter size-large wp-image-18985\" src=\"http:\/\/www.conselharan.org\/wp-content\/uploads\/2017\/09\/IMG_8647-2-1024x768.jpg\" alt=\"IMG_8647\" width=\"1024\" height=\"768\" srcset=\"https:\/\/www.conselharan.org\/wp-content\/uploads\/2017\/09\/IMG_8647-2-1024x768.jpg 1024w, https:\/\/www.conselharan.org\/wp-content\/uploads\/2017\/09\/IMG_8647-2-300x225.jpg 300w, https:\/\/www.conselharan.org\/wp-content\/uploads\/2017\/09\/IMG_8647-2-768x576.jpg 768w, https:\/\/www.conselharan.org\/wp-content\/uploads\/2017\/09\/IMG_8647-2.jpg 1200w\" sizes=\"(max-width: 1024px) 100vw, 1024px\" \/><\/a><\/p>\n<p>&nbsp;<\/p>\n<p>&nbsp;<\/p>\n ","protected":false},"excerpt":{"rendered":"<p>Vielha, 7 de setembre de 2017.-\u00a0 El Conselh Generau d\u2019Aran a trav\u00e9s de l\u2019empresa S.A.V.A. ha portat a terme aquest estiu la recuperaci\u00f3 del tram entre el Cam\u00ed de Soberado i el mirador de l\u2019aigua. L\u2019empla\u00e7ament de la zona on s\u2019ha efectuat l\u2019actuaci\u00f3, es ruta entre Vielha i el Port de la Picada passant pel&#8230;<\/p>\n","protected":false},"author":2,"featured_media":18981,"comment_status":"closed","ping_status":"closed","sticky":false,"template":"","format":"standard","meta":{"footnotes":""},"categories":[36,139],"tags":[],"_links":{"self":[{"href":"https:\/\/www.conselharan.org\/ca\/wp-json\/wp\/v2\/posts\/18989"}],"collection":[{"href":"https:\/\/www.conselharan.org\/ca\/wp-json\/wp\/v2\/posts"}],"about":[{"href":"https:\/\/www.conselharan.org\/ca\/wp-json\/wp\/v2\/types\/post"}],"author":[{"embeddable":true,"href":"https:\/\/www.conselharan.org\/ca\/wp-json\/wp\/v2\/users\/2"}],"replies":[{"embeddable":true,"href":"https:\/\/www.conselharan.org\/ca\/wp-json\/wp\/v2\/comments?post=18989"}],"version-history":[{"count":2,"href":"https:\/\/www.conselharan.org\/ca\/wp-json\/wp\/v2\/posts\/18989\/revisions"}],"predecessor-version":[{"id":19003,"href":"https:\/\/www.conselharan.org\/ca\/wp-json\/wp\/v2\/posts\/18989\/revisions\/19003"}],"wp:featuredmedia":[{"embeddable":true,"href":"https:\/\/www.conselharan.org\/ca\/wp-json\/wp\/v2\/media\/18981"}],"wp:attachment":[{"href":"https:\/\/www.conselharan.org\/ca\/wp-json\/wp\/v2\/media?parent=18989"}],"wp:term":[{"taxonomy":"category","embeddable":true,"href":"https:\/\/www.conselharan.org\/ca\/wp-json\/wp\/v2\/categories?post=18989"},{"taxonomy":"post_tag","embeddable":true,"href":"https:\/\/www.conselharan.org\/ca\/wp-json\/wp\/v2\/tags?post=18989"}],"curies":[{"name":"wp","href":"https:\/\/api.w.org\/{rel}","templated":true}]}}