{"id":19047,"date":"2017-09-14T18:40:40","date_gmt":"2017-09-14T16:40:40","guid":{"rendered":"http:\/\/www.conselharan.org\/ca\/?p=19047"},"modified":"2017-09-14T18:40:40","modified_gmt":"2017-09-14T16:40:40","slug":"7ena-edicio-de-la-vertical-daran-vielha-montcorbison-memorial-tonet","status":"publish","type":"post","link":"https:\/\/www.conselharan.org\/ca\/7ena-edicio-de-la-vertical-daran-vielha-montcorbison-memorial-tonet\/","title":{"rendered":"7\u00e8na edici\u00f3 de la Vertical d\u2019Aran Vielha-Montcorbison. Memorial Tonet"},"content":{"rendered":"<p>Vielha, 14 de setembre de 2017.- El proper <strong>dissabte 30 de setembre es celebra la 7\u00e8na edici\u00f3 de la Vertical d\u2019Aran Vielha-Montcorbison. Memorial Tonet.<\/strong><\/p>\n<p>La Vertical d\u2019Aran, organitzada per Era P\u00f2rta d\u2019Aran, \u00e9s l\u2019\u00faltima gran prova de running de la temporada a la Val d\u2019Aran, amb arribada al cim del Montcorbison a 2.170 metres, despr\u00e9s de 1.200 metres de desnivell positius i poc m\u00e9s de 4 quil\u00f2metres de recorregut.<\/p>\n<p><a href=\"http:\/\/www.conselharan.org\/wp-content\/uploads\/2017\/09\/WhatsApp-Image-2017-09-02-at-17.31.40.jpeg\"><img loading=\"lazy\" decoding=\"async\" class=\"aligncenter size-large wp-image-19042\" src=\"http:\/\/www.conselharan.org\/wp-content\/uploads\/2017\/09\/WhatsApp-Image-2017-09-02-at-17.31.40-1024x538.jpeg\" alt=\"WhatsApp Image 2017-09-02 at 17.31.40\" width=\"1024\" height=\"538\" srcset=\"https:\/\/www.conselharan.org\/wp-content\/uploads\/2017\/09\/WhatsApp-Image-2017-09-02-at-17.31.40-1024x538.jpeg 1024w, https:\/\/www.conselharan.org\/wp-content\/uploads\/2017\/09\/WhatsApp-Image-2017-09-02-at-17.31.40-300x158.jpeg 300w, https:\/\/www.conselharan.org\/wp-content\/uploads\/2017\/09\/WhatsApp-Image-2017-09-02-at-17.31.40-768x403.jpeg 768w, https:\/\/www.conselharan.org\/wp-content\/uploads\/2017\/09\/WhatsApp-Image-2017-09-02-at-17.31.40.jpeg 1200w\" sizes=\"(max-width: 1024px) 100vw, 1024px\" \/><\/a><\/p>\n<p>La prova est\u00e0 dirigida a totes les persones amants de l&#8217;esport a l&#8217;aire lliure, i proposa tres recorreguts diferents. Marxa Popular, dirigida a nens i adults, amb un m\u00ednim de condici\u00f3 f\u00edsica, per caminar per senders de muntanya i camp a trav\u00e9s. Pujada Vertical Aran, dirigit a persona habituades a una activitat f\u00edsica d&#8217;aproximadament 3 hores, caminant per pistes, camins de terra, senders i camp a trav\u00e9s. Carrera Vertical Aran, enfocada a persona habituada a c\u00f3rrer per la muntanya.<\/p>\n<p><strong>Marxa Popular<\/strong>: 2Km\/500m +. Sortida a les 9:30h des de Bassa d\u2019Olhes. Transport des de Vielha a les 9:00h.<\/p>\n<p><strong>Pujada Popular Vertical Aran<\/strong>: 4,2Km\/1.200m +. Sortida a les 10:00h des de la Pla\u00e7a dera Crotz d\u2019Occitania (rotonda de Vielha).<\/p>\n<p><strong>Carrera Vertical Aran<\/strong>: 4,2Km\/1.200m +. Sortida a les 11:00h des de la Pla\u00e7a dera Crotz d\u2019Occitania (rotonda de Vielha).<\/p>\n<p>Els organitzadors no exigeixen un material m\u00ednim indispensable per participar a la prova, per\u00f2 recomanen portar roba d&#8217;abric, aigua, bastons i un tel\u00e8fon. A m\u00e9s, tamb\u00e9 es recomana revisar la informaci\u00f3 meteorol\u00f2gica per adequar el material segons la climatologia en la data de la prova.<\/p>\n<p>Les inscripcions per participar en aquesta 7\u00e8na edici\u00f3, es poden formalitzar a la botiga de Era P\u00f2rta d\u2019Aran Plaza Sant Oren\u00e7, 2 de Vielha, de 16:30 a 20:30h o b\u00e9 al web\u00a0<a href=\"http:\/\/eraportadaran.com\/vertical-aran\/\">http:\/\/eraportadaran.com\/vertical-aran\/<\/a><\/p>\n<p>Per a m\u00e9s informaci\u00f3 podeu trucar al +34 630 060 296<\/p>\n<p>La prova compta amb el patrocini i la col\u00b7laboraci\u00f3 del <strong>Conselh Generau d\u2019Aran<\/strong>, <strong>Ajuntament de Vielha e Mijaran<\/strong> i <strong>Volentaris Val d\u2019Aran<\/strong>.<\/p>\n<p><a href=\"http:\/\/www.conselharan.org\/wp-content\/uploads\/2017\/09\/cartel-definitivo-VERTICAL.jpg\"><img loading=\"lazy\" decoding=\"async\" class=\"aligncenter size-large wp-image-19041\" src=\"http:\/\/www.conselharan.org\/wp-content\/uploads\/2017\/09\/cartel-definitivo-VERTICAL-724x1024.jpg\" alt=\"cartel definitivo VERTICAL\" width=\"724\" height=\"1024\" srcset=\"https:\/\/www.conselharan.org\/wp-content\/uploads\/2017\/09\/cartel-definitivo-VERTICAL-724x1024.jpg 724w, https:\/\/www.conselharan.org\/wp-content\/uploads\/2017\/09\/cartel-definitivo-VERTICAL-212x300.jpg 212w, https:\/\/www.conselharan.org\/wp-content\/uploads\/2017\/09\/cartel-definitivo-VERTICAL-768x1086.jpg 768w, https:\/\/www.conselharan.org\/wp-content\/uploads\/2017\/09\/cartel-definitivo-VERTICAL.jpg 1414w\" sizes=\"(max-width: 724px) 100vw, 724px\" \/><\/a><\/p>\n<p>&nbsp;<\/p>\n<p>&nbsp;<\/p>\n<p>&nbsp;<\/p>\n ","protected":false},"excerpt":{"rendered":"<p>Vielha, 14 de setembre de 2017.- El proper dissabte 30 de setembre es celebra la 7\u00e8na edici\u00f3 de la Vertical d\u2019Aran Vielha-Montcorbison. Memorial Tonet. La Vertical d\u2019Aran, organitzada per Era P\u00f2rta d\u2019Aran, \u00e9s l\u2019\u00faltima gran prova de running de la temporada a la Val d\u2019Aran, amb arribada al cim del Montcorbison a 2.170 metres, despr\u00e9s&#8230;<\/p>\n","protected":false},"author":2,"featured_media":19042,"comment_status":"closed","ping_status":"closed","sticky":false,"template":"","format":"standard","meta":{"footnotes":""},"categories":[136],"tags":[],"_links":{"self":[{"href":"https:\/\/www.conselharan.org\/ca\/wp-json\/wp\/v2\/posts\/19047"}],"collection":[{"href":"https:\/\/www.conselharan.org\/ca\/wp-json\/wp\/v2\/posts"}],"about":[{"href":"https:\/\/www.conselharan.org\/ca\/wp-json\/wp\/v2\/types\/post"}],"author":[{"embeddable":true,"href":"https:\/\/www.conselharan.org\/ca\/wp-json\/wp\/v2\/users\/2"}],"replies":[{"embeddable":true,"href":"https:\/\/www.conselharan.org\/ca\/wp-json\/wp\/v2\/comments?post=19047"}],"version-history":[{"count":1,"href":"https:\/\/www.conselharan.org\/ca\/wp-json\/wp\/v2\/posts\/19047\/revisions"}],"predecessor-version":[{"id":19048,"href":"https:\/\/www.conselharan.org\/ca\/wp-json\/wp\/v2\/posts\/19047\/revisions\/19048"}],"wp:featuredmedia":[{"embeddable":true,"href":"https:\/\/www.conselharan.org\/ca\/wp-json\/wp\/v2\/media\/19042"}],"wp:attachment":[{"href":"https:\/\/www.conselharan.org\/ca\/wp-json\/wp\/v2\/media?parent=19047"}],"wp:term":[{"taxonomy":"category","embeddable":true,"href":"https:\/\/www.conselharan.org\/ca\/wp-json\/wp\/v2\/categories?post=19047"},{"taxonomy":"post_tag","embeddable":true,"href":"https:\/\/www.conselharan.org\/ca\/wp-json\/wp\/v2\/tags?post=19047"}],"curies":[{"name":"wp","href":"https:\/\/api.w.org\/{rel}","templated":true}]}}