{"id":19121,"date":"2017-09-15T15:31:38","date_gmt":"2017-09-15T13:31:38","guid":{"rendered":"http:\/\/www.conselharan.org\/ca\/?p=19121"},"modified":"2017-09-15T15:31:38","modified_gmt":"2017-09-15T13:31:38","slug":"el-govern-daran-desmenteix-el-trasllat-de-la-oficina-liquidadora-de-lagencia-tributaria-a-laran","status":"publish","type":"post","link":"https:\/\/www.conselharan.org\/ca\/el-govern-daran-desmenteix-el-trasllat-de-la-oficina-liquidadora-de-lagencia-tributaria-a-laran\/","title":{"rendered":"El Gov\u00e8rn d\u2019Aran desmenteix el trasllat de la oficina liquidadora de l\u2019Agencia Tributaria a l\u2019Aran"},"content":{"rendered":"<p>Vielha, 15 de setembre de 2017.- El Conselh Generau d\u2019Aran ratifica la vig\u00e8ncia del conveni signat per el propi Conselh Generau d\u2019Aran i l\u2019Ag\u00e8ncia Tribut\u00e0ria de Catalunya per a la ubicaci\u00f3 a la Val d\u2019Aran d\u2019una oficina de servei i d\u2019atenci\u00f3 al p\u00fablic de l\u2019Ag\u00e8ncia Tribut\u00e0ria de Catalunya.<\/p>\n<p>En aquest sentit el Conselh Generau d\u2019Aran confirma el manteniment de l\u2019actual oficina liquidadora de la mateixa Ag\u00e8ncia Tributaria ubicada al C\/Major, 36 de Vielha, davant d\u2019algunes informacions aparegudes sobre el suposat trasllat d\u2019aquesta oficina a la Seu d\u2019Urgell.<\/p>\n<p><a href=\"http:\/\/www.conselharan.org\/wp-content\/uploads\/2017\/09\/2-1.jpeg\"><img loading=\"lazy\" decoding=\"async\" class=\"aligncenter size-large wp-image-19117\" src=\"http:\/\/www.conselharan.org\/wp-content\/uploads\/2017\/09\/2-1-1024x577.jpeg\" alt=\"2\" width=\"1024\" height=\"577\" srcset=\"https:\/\/www.conselharan.org\/wp-content\/uploads\/2017\/09\/2-1-1024x577.jpeg 1024w, https:\/\/www.conselharan.org\/wp-content\/uploads\/2017\/09\/2-1-300x169.jpeg 300w, https:\/\/www.conselharan.org\/wp-content\/uploads\/2017\/09\/2-1-768x432.jpeg 768w, https:\/\/www.conselharan.org\/wp-content\/uploads\/2017\/09\/2-1.jpeg 1600w\" sizes=\"(max-width: 1024px) 100vw, 1024px\" \/><\/a> <a href=\"http:\/\/www.conselharan.org\/wp-content\/uploads\/2017\/09\/1-1.jpeg\"><img loading=\"lazy\" decoding=\"async\" class=\"aligncenter size-large wp-image-19116\" src=\"http:\/\/www.conselharan.org\/wp-content\/uploads\/2017\/09\/1-1-1024x768.jpeg\" alt=\"1\" width=\"1024\" height=\"768\" srcset=\"https:\/\/www.conselharan.org\/wp-content\/uploads\/2017\/09\/1-1-1024x768.jpeg 1024w, https:\/\/www.conselharan.org\/wp-content\/uploads\/2017\/09\/1-1-300x225.jpeg 300w, https:\/\/www.conselharan.org\/wp-content\/uploads\/2017\/09\/1-1-768x576.jpeg 768w, https:\/\/www.conselharan.org\/wp-content\/uploads\/2017\/09\/1-1.jpeg 1600w\" sizes=\"(max-width: 1024px) 100vw, 1024px\" \/><\/a><\/p>\n ","protected":false},"excerpt":{"rendered":"<p>Vielha, 15 de setembre de 2017.- El Conselh Generau d\u2019Aran ratifica la vig\u00e8ncia del conveni signat per el propi Conselh Generau d\u2019Aran i l\u2019Ag\u00e8ncia Tribut\u00e0ria de Catalunya per a la ubicaci\u00f3 a la Val d\u2019Aran d\u2019una oficina de servei i d\u2019atenci\u00f3 al p\u00fablic de l\u2019Ag\u00e8ncia Tribut\u00e0ria de Catalunya. En aquest sentit el Conselh Generau d\u2019Aran&#8230;<\/p>\n","protected":false},"author":2,"featured_media":19117,"comment_status":"closed","ping_status":"closed","sticky":false,"template":"","format":"standard","meta":{"footnotes":""},"categories":[53,36],"tags":[],"_links":{"self":[{"href":"https:\/\/www.conselharan.org\/ca\/wp-json\/wp\/v2\/posts\/19121"}],"collection":[{"href":"https:\/\/www.conselharan.org\/ca\/wp-json\/wp\/v2\/posts"}],"about":[{"href":"https:\/\/www.conselharan.org\/ca\/wp-json\/wp\/v2\/types\/post"}],"author":[{"embeddable":true,"href":"https:\/\/www.conselharan.org\/ca\/wp-json\/wp\/v2\/users\/2"}],"replies":[{"embeddable":true,"href":"https:\/\/www.conselharan.org\/ca\/wp-json\/wp\/v2\/comments?post=19121"}],"version-history":[{"count":1,"href":"https:\/\/www.conselharan.org\/ca\/wp-json\/wp\/v2\/posts\/19121\/revisions"}],"predecessor-version":[{"id":19122,"href":"https:\/\/www.conselharan.org\/ca\/wp-json\/wp\/v2\/posts\/19121\/revisions\/19122"}],"wp:featuredmedia":[{"embeddable":true,"href":"https:\/\/www.conselharan.org\/ca\/wp-json\/wp\/v2\/media\/19117"}],"wp:attachment":[{"href":"https:\/\/www.conselharan.org\/ca\/wp-json\/wp\/v2\/media?parent=19121"}],"wp:term":[{"taxonomy":"category","embeddable":true,"href":"https:\/\/www.conselharan.org\/ca\/wp-json\/wp\/v2\/categories?post=19121"},{"taxonomy":"post_tag","embeddable":true,"href":"https:\/\/www.conselharan.org\/ca\/wp-json\/wp\/v2\/tags?post=19121"}],"curies":[{"name":"wp","href":"https:\/\/api.w.org\/{rel}","templated":true}]}}