{"id":19132,"date":"2017-09-19T03:04:45","date_gmt":"2017-09-19T01:04:45","guid":{"rendered":"http:\/\/www.conselharan.org\/ca\/?p=19132"},"modified":"2017-09-19T03:04:45","modified_gmt":"2017-09-19T01:04:45","slug":"el-ple-del-conselh-aprova-el-conselh-dalcaldes-de-la-val-daran","status":"publish","type":"post","link":"https:\/\/www.conselharan.org\/ca\/el-ple-del-conselh-aprova-el-conselh-dalcaldes-de-la-val-daran\/","title":{"rendered":"El Ple del Conselh aprova el Conselh d\u2019alcaldes de la Val d\u2019Aran"},"content":{"rendered":"<p>Vielha, 18 de setembre de 2017.- El Ple del Conselh Generau d\u2019Aran ha aprovat per unanimitat <strong>la creaci\u00f3 del Conselh d\u2019alcaldes de la Val d\u2019Aran<\/strong>, d\u2019acord amb els preceptes de la Llei 1\/2015 de R\u00e8gim especial de la Val d\u2019Aran. El sindic d\u2019Aran, <strong>Carlos Barrera<\/strong>, ha explicat que aquest mandat de la Llei d\u2019Aran, que substitueix el Conselh de Ter\u00e7ons i incorpora els alcaldes i pedanis amb pl\u00e9 dret en aquest \u00f2rgan consultiu. La proposta de l\u2019equip de Govern d\u2019Aran, era que les reunions tinguessin una freq\u00fc\u00e8ncia bimensual, aquesta propsta inicial, ha estat modificada a petici\u00f3 dels portaveus dels grups de l\u2019oposici\u00f3, que han proposat que les reunions tinguin una freq\u00fc\u00e8ncia de 6 mesos i \u00a0que el sindic d\u2019Aran tingui la potestat de convocar el Conselh d\u2019alcaldes, cada cop que sigui necessari.<\/p>\n<p><a href=\"http:\/\/www.conselharan.org\/wp-content\/uploads\/2017\/09\/IMG_9368.jpg\"><img loading=\"lazy\" decoding=\"async\" class=\"aligncenter size-large wp-image-19126\" src=\"http:\/\/www.conselharan.org\/wp-content\/uploads\/2017\/09\/IMG_9368-1024x768.jpg\" alt=\"IMG_9368\" width=\"1024\" height=\"768\" srcset=\"https:\/\/www.conselharan.org\/wp-content\/uploads\/2017\/09\/IMG_9368-1024x768.jpg 1024w, https:\/\/www.conselharan.org\/wp-content\/uploads\/2017\/09\/IMG_9368-300x225.jpg 300w, https:\/\/www.conselharan.org\/wp-content\/uploads\/2017\/09\/IMG_9368-768x576.jpg 768w\" sizes=\"(max-width: 1024px) 100vw, 1024px\" \/><\/a><\/p>\n<p>Durant el Ple del Conselh tamb\u00e9 s\u2019ha parlat de l\u2019ampliaci\u00f3 de places de residencia geri\u00e0trica a la futura residencia de gent gran de Les. En aquest sentit el sindic d\u2019Aran, Carlos Barrera, ha manifestat que el Gov\u00e8rn d\u2019Aran, ha dut a terme un estudi sobre l\u2019envelliment de la poblaci\u00f3 a la Val d\u2019Aran i un altre sobre les llistes d\u2019espera de demana d\u2019aquest serveis, que justifiquen la necessitat d\u2019aquest nou equipament a la Val d\u2019Aran. Barrera, ha explicat que en aquest moment ja s\u2019est\u00e0 redactant el projecte executiu d\u2019obra que estar\u00e0 enllestit el mes de novembre. Un cop treta a concurs la licitaci\u00f3 d\u2019obres i comenci la construcci\u00f3, es licitar\u00e0 la prestaci\u00f3 del servei condicionada a l\u2019acord entre el Conselh Generau d\u2019Aran i el departament de Benestar de la Generalitat, que consisteix en el finan\u00e7ament de 30 de les 60 places de la futura residencia (30 places consorciades i 30 places privades), i de les 20 places de resid\u00e8ncia de dia, 10 d\u2019aquestes han de ser publiques i 10 privades. Barrera ha explicat que l\u2019horitz\u00f3 de posada en marxa d\u2019aquesta resid\u00e8ncia geri\u00e0trica de Les \u00e9s que l\u2019any 2018 es dediqui a la construcci\u00f3 de l\u2019equipament i que aquesta entri en funcionament l\u20191 de gener de l\u2019any 2019.<\/p>\n<p>En aquest Ple, els grups de l\u2019oposici\u00f3, han demanat al sindic d\u2019Aran, Carlos Barrera, si el Conselh Generau d\u2019Aran, cedir\u00e0 algun espai per al refer\u00e8ndum de l\u20191 d\u2019octubre.<\/p>\n<p>El s\u00edndic d\u2019Aran, ha explicat que el Conselh Generau d\u2019Aran, no cedir\u00e0 cap espai dins de la seu institucional de la Casa deth Senhor d\u2019Arr\u00f3s, ni a la seu administrativa del Conselh Generau a Vielha, amb l\u2019objectiu de preservar les seus institucionals davant de la pol\u00e8mica dels plantejaments antag\u00f2nics que s\u2019estan produint en aquestes darreres setmaners a l\u2019Aran.<\/p>\n<p>El s\u00edndic d\u2019Aran, ha afegit que el Conselh Generau d\u2019Aran com a govern territorial del pa\u00eds, ha de respectar totes les sensibilitats que en aquests moments estan aflorant, i mostrar la seva imparcialitat davant d\u2019aquesta realitat social.<\/p>\n<p>Barrera, ha assenyalat que en els propers dies, i observant els esdeveniments tal com es vagin produint s\u2019intentar\u00e0 prendre una decisi\u00f3 consensuada.<\/p>\n<p><a href=\"http:\/\/www.conselharan.org\/wp-content\/uploads\/2017\/09\/IMG_9364.jpg\"><img loading=\"lazy\" decoding=\"async\" class=\"aligncenter size-large wp-image-19128\" src=\"http:\/\/www.conselharan.org\/wp-content\/uploads\/2017\/09\/IMG_9364-1024x768.jpg\" alt=\"IMG_9364\" width=\"1024\" height=\"768\" srcset=\"https:\/\/www.conselharan.org\/wp-content\/uploads\/2017\/09\/IMG_9364-1024x768.jpg 1024w, https:\/\/www.conselharan.org\/wp-content\/uploads\/2017\/09\/IMG_9364-300x225.jpg 300w, https:\/\/www.conselharan.org\/wp-content\/uploads\/2017\/09\/IMG_9364-768x576.jpg 768w\" sizes=\"(max-width: 1024px) 100vw, 1024px\" \/><\/a><\/p>\n<p>&nbsp;<\/p>\n<p>&nbsp;<\/p>\n ","protected":false},"excerpt":{"rendered":"<p>Vielha, 18 de setembre de 2017.- El Ple del Conselh Generau d\u2019Aran ha aprovat per unanimitat la creaci\u00f3 del Conselh d\u2019alcaldes de la Val d\u2019Aran, d\u2019acord amb els preceptes de la Llei 1\/2015 de R\u00e8gim especial de la Val d\u2019Aran. El sindic d\u2019Aran, Carlos Barrera, ha explicat que aquest mandat de la Llei d\u2019Aran, que&#8230;<\/p>\n","protected":false},"author":2,"featured_media":19126,"comment_status":"closed","ping_status":"closed","sticky":false,"template":"","format":"standard","meta":{"footnotes":""},"categories":[53,36],"tags":[],"_links":{"self":[{"href":"https:\/\/www.conselharan.org\/ca\/wp-json\/wp\/v2\/posts\/19132"}],"collection":[{"href":"https:\/\/www.conselharan.org\/ca\/wp-json\/wp\/v2\/posts"}],"about":[{"href":"https:\/\/www.conselharan.org\/ca\/wp-json\/wp\/v2\/types\/post"}],"author":[{"embeddable":true,"href":"https:\/\/www.conselharan.org\/ca\/wp-json\/wp\/v2\/users\/2"}],"replies":[{"embeddable":true,"href":"https:\/\/www.conselharan.org\/ca\/wp-json\/wp\/v2\/comments?post=19132"}],"version-history":[{"count":1,"href":"https:\/\/www.conselharan.org\/ca\/wp-json\/wp\/v2\/posts\/19132\/revisions"}],"predecessor-version":[{"id":19133,"href":"https:\/\/www.conselharan.org\/ca\/wp-json\/wp\/v2\/posts\/19132\/revisions\/19133"}],"wp:featuredmedia":[{"embeddable":true,"href":"https:\/\/www.conselharan.org\/ca\/wp-json\/wp\/v2\/media\/19126"}],"wp:attachment":[{"href":"https:\/\/www.conselharan.org\/ca\/wp-json\/wp\/v2\/media?parent=19132"}],"wp:term":[{"taxonomy":"category","embeddable":true,"href":"https:\/\/www.conselharan.org\/ca\/wp-json\/wp\/v2\/categories?post=19132"},{"taxonomy":"post_tag","embeddable":true,"href":"https:\/\/www.conselharan.org\/ca\/wp-json\/wp\/v2\/tags?post=19132"}],"curies":[{"name":"wp","href":"https:\/\/api.w.org\/{rel}","templated":true}]}}