{"id":19151,"date":"2017-09-19T17:21:32","date_gmt":"2017-09-19T15:21:32","guid":{"rendered":"http:\/\/www.conselharan.org\/ca\/?p=19151"},"modified":"2017-09-19T17:21:32","modified_gmt":"2017-09-19T15:21:32","slug":"recepcio-de-lequip-ciclista-massi-kuwait-al-conselh-generau-daran","status":"publish","type":"post","link":"https:\/\/www.conselharan.org\/ca\/recepcio-de-lequip-ciclista-massi-kuwait-al-conselh-generau-daran\/","title":{"rendered":"Recepci\u00f3 de l\u2019equip ciclista Massi-Kuwait al Conselh Generau d\u2019Aran"},"content":{"rendered":"<p>Vielha, 19 de setembre de 2017.- Ahir dijous el vicesindic d\u2019Aran i conselh\u00e8r d\u2019Esports, <strong>Lu\u00eds Carlos Medina,<\/strong> va rebre a una representaci\u00f3 de l\u2019Equip Internacional MASSI- KUWAIT CYCLING PROJECT a la seu del Conselh Generau d\u2019Aran.<\/p>\n<p><a href=\"http:\/\/www.conselharan.org\/wp-content\/uploads\/2017\/09\/NP-Massi-Kuwait.jpeg\"><img loading=\"lazy\" decoding=\"async\" class=\"aligncenter size-large wp-image-19146\" src=\"http:\/\/www.conselharan.org\/wp-content\/uploads\/2017\/09\/NP-Massi-Kuwait-1024x768.jpeg\" alt=\"NP - Massi Kuwait\" width=\"1024\" height=\"768\" srcset=\"https:\/\/www.conselharan.org\/wp-content\/uploads\/2017\/09\/NP-Massi-Kuwait.jpeg 1024w, https:\/\/www.conselharan.org\/wp-content\/uploads\/2017\/09\/NP-Massi-Kuwait-300x225.jpeg 300w, https:\/\/www.conselharan.org\/wp-content\/uploads\/2017\/09\/NP-Massi-Kuwait-768x576.jpeg 768w\" sizes=\"(max-width: 1024px) 100vw, 1024px\" \/><\/a><\/p>\n<p>Les institucions araneses, Conselh Generau d\u2019Aran, Torisme Val d\u2019Aran i Ajuntament de Naut Aran, fan costat a la marca catalana de bicicletes MASSI, impulsora d\u2019aquest equip en el que competeix l\u2019esportista aran\u00e8s <strong>Ruben Caseny<\/strong>.<\/p>\n<p>Ruben Caseny, \u00e9s un dels esportistes d\u2019alt nivell de la Val d\u2019Aran que des de fa anys col\u00b7labora amb el Conselh Generau d\u2019Aran i Torisme Val d\u2019Aran en la promoci\u00f3 de la Val d\u2019Aran a trav\u00e9s de la seva participaci\u00f3 en proves ciclistes nacionals i internacionals.<\/p>\n<p>El vicesindic d\u2019Aran i conselh\u00e8r d\u2019Esports, <strong>Lu\u00eds Carlos Medina<\/strong>, va assenyalar un cop m\u00e9s la import\u00e0ncia que t\u00e9 per a la m\u00e0xima instituci\u00f3 aranesa el fet de donar suport a esportistes del pa\u00eds que porten la imatge de l\u2019Aran arreu del m\u00f3n.<\/p>\n ","protected":false},"excerpt":{"rendered":"<p>Vielha, 19 de setembre de 2017.- Ahir dijous el vicesindic d\u2019Aran i conselh\u00e8r d\u2019Esports, Lu\u00eds Carlos Medina, va rebre a una representaci\u00f3 de l\u2019Equip Internacional MASSI- KUWAIT CYCLING PROJECT a la seu del Conselh Generau d\u2019Aran. Les institucions araneses, Conselh Generau d\u2019Aran, Torisme Val d\u2019Aran i Ajuntament de Naut Aran, fan costat a la marca&#8230;<\/p>\n","protected":false},"author":2,"featured_media":19146,"comment_status":"closed","ping_status":"closed","sticky":false,"template":"","format":"standard","meta":{"footnotes":""},"categories":[136],"tags":[],"_links":{"self":[{"href":"https:\/\/www.conselharan.org\/ca\/wp-json\/wp\/v2\/posts\/19151"}],"collection":[{"href":"https:\/\/www.conselharan.org\/ca\/wp-json\/wp\/v2\/posts"}],"about":[{"href":"https:\/\/www.conselharan.org\/ca\/wp-json\/wp\/v2\/types\/post"}],"author":[{"embeddable":true,"href":"https:\/\/www.conselharan.org\/ca\/wp-json\/wp\/v2\/users\/2"}],"replies":[{"embeddable":true,"href":"https:\/\/www.conselharan.org\/ca\/wp-json\/wp\/v2\/comments?post=19151"}],"version-history":[{"count":1,"href":"https:\/\/www.conselharan.org\/ca\/wp-json\/wp\/v2\/posts\/19151\/revisions"}],"predecessor-version":[{"id":19152,"href":"https:\/\/www.conselharan.org\/ca\/wp-json\/wp\/v2\/posts\/19151\/revisions\/19152"}],"wp:featuredmedia":[{"embeddable":true,"href":"https:\/\/www.conselharan.org\/ca\/wp-json\/wp\/v2\/media\/19146"}],"wp:attachment":[{"href":"https:\/\/www.conselharan.org\/ca\/wp-json\/wp\/v2\/media?parent=19151"}],"wp:term":[{"taxonomy":"category","embeddable":true,"href":"https:\/\/www.conselharan.org\/ca\/wp-json\/wp\/v2\/categories?post=19151"},{"taxonomy":"post_tag","embeddable":true,"href":"https:\/\/www.conselharan.org\/ca\/wp-json\/wp\/v2\/tags?post=19151"}],"curies":[{"name":"wp","href":"https:\/\/api.w.org\/{rel}","templated":true}]}}