{"id":19242,"date":"2017-09-25T16:55:04","date_gmt":"2017-09-25T14:55:04","guid":{"rendered":"http:\/\/www.conselharan.org\/ca\/?p=19242"},"modified":"2017-09-25T16:55:04","modified_gmt":"2017-09-25T14:55:04","slug":"defensa-de-la-tesi-doctoral-sobre-esglesies-romaniques-araneses-a-sta-maria-darties","status":"publish","type":"post","link":"https:\/\/www.conselharan.org\/ca\/defensa-de-la-tesi-doctoral-sobre-esglesies-romaniques-araneses-a-sta-maria-darties\/","title":{"rendered":"Defensa de la Tesi doctoral sobre esgl\u00e9sies rom\u00e0niques araneses a Sta. Maria d\u2019Arties"},"content":{"rendered":"<p>Vielha, 25 de setembre de 2017.- El Sr. <strong>Sergio Coll Pl\u00e0<\/strong>, professor i arquitecte de l\u2019Escola Superior d\u2019Arquitectura de la Universitat Rovira i Virgili va llegir i defensar una tesi important\u00edssima sobre les esgl\u00e9sies del primer rom\u00e0nic de la Val d\u2019Aran amb el nom d\u2019<strong>\u201cEstudi des gl\u00e8ises en cornaenclinc de v\u00f2utes escarramingades\u201d<\/strong> fent \u00e8mfasi i explicant aquestes construccions sense angles rectes,(essent quasi tots aguts o obtusos. D\u2019aqu\u00ed la paraula cornaenclinc).<\/p>\n<p><a href=\"http:\/\/www.conselharan.org\/wp-content\/uploads\/2017\/09\/IMG_20170922_201437.jpg\"><img loading=\"lazy\" decoding=\"async\" class=\"aligncenter size-large wp-image-19237\" src=\"http:\/\/www.conselharan.org\/wp-content\/uploads\/2017\/09\/IMG_20170922_201437-1024x576.jpg\" alt=\"IMG_20170922_201437\" width=\"1024\" height=\"576\" srcset=\"https:\/\/www.conselharan.org\/wp-content\/uploads\/2017\/09\/IMG_20170922_201437-1024x576.jpg 1024w, https:\/\/www.conselharan.org\/wp-content\/uploads\/2017\/09\/IMG_20170922_201437-300x169.jpg 300w, https:\/\/www.conselharan.org\/wp-content\/uploads\/2017\/09\/IMG_20170922_201437-768x432.jpg 768w, https:\/\/www.conselharan.org\/wp-content\/uploads\/2017\/09\/IMG_20170922_201437.jpg 1602w\" sizes=\"(max-width: 1024px) 100vw, 1024px\" \/><\/a><\/p>\n<p>La tesi ha estat codirigida pel Dr. Josep Llu\u00eds i Ginovart (Dean of School of Architecture of UIC Barcelona) i el Dr. Agust\u00ed Costa i Jover (Professor i investigador de l&#8217;Escola d\u2019Arquitectura de la Universitat Rovira i Virgili).<\/p>\n<p>El tribunal ha estat format pel Dr. Joaqu\u00edn Ruiz de Arbulo Bayona (Catedr\u00e0tic d\u2019Arqueologia de Gr\u00e8cia i Roma de la Universitat Rovira i Virgili), el Dr. Albert Samper Sosa (Investigador i professor de geometria de l&#8217;Escola d\u2019Arquitectura de la Universitat Rovira i Virgili) i el Dr. Pedro Casariego Valls (Subdirector School of Architecture of UIC Barcelona).<\/p>\n<p>La tesi que s\u2019ha llegit i defensat, amb molta assist\u00e8ncia de p\u00fablic i amb la presencia del Vicari General del Bisbat d\u2019Urgell, Moss\u00e8n Josep Maria Mauri i del Arxiprest de la Val d\u2019Aran. Mn. Pere Balagu\u00e9, \u00e9s la punta de l\u2019iceberg del gran treball fet durant sis anys per les Escoles Superiors d\u2019Arquitectura de la Universitat Rovira i Virgili i la Internacional de Catalunya, per l\u2019Arquebisbat d\u2019Urgell, per l&#8217;Esgl\u00e9sia Aranesa, pel departament de Cultura i Patrimoni i pels Serveis T\u00e8cnics del Conselh Generau d\u2019Aran amb d\u2019altres col\u00b7laboradors que s\u2019han anat afegint a trav\u00e9s del temps al projecte.<\/p>\n<p>El vicesindic d\u2019Aran, <strong>Lu\u00eds Carlos Medina<\/strong>, va voler agrair la disposici\u00f3 i valentia que ha tingut la Universitat per portar un acte tan important i simb\u00f2lic per a la Val d\u2019Aran, sortit de la mateixa universitat i ha lloat en nom del Govern d\u2019Aran la qualitat d\u2019aquesta primera tesi, amb d\u2019altres que segur arribaran, assegurant que s\u00f3n important\u00edssimes per construir el nostre expedient per demanar en algun moment a la UNESCO que la Val d\u2019Aran sigui declarada Patrimoni de la Humanitat, projecte en el que treballa el Conselh Generau d\u2019Aran amb la col\u00b7laboraci\u00f3 de l&#8217;Institut d\u2019Estudis Ilerdencs i la Diputaci\u00f3 de Lleida.<\/p>\n<p><a href=\"http:\/\/www.conselharan.org\/wp-content\/uploads\/2017\/09\/IMG-20170923-WA0002.jpg\"><img loading=\"lazy\" decoding=\"async\" class=\"aligncenter size-large wp-image-19238\" src=\"http:\/\/www.conselharan.org\/wp-content\/uploads\/2017\/09\/IMG-20170923-WA0002-1024x576.jpg\" alt=\"IMG-20170923-WA0002\" width=\"1024\" height=\"576\" srcset=\"https:\/\/www.conselharan.org\/wp-content\/uploads\/2017\/09\/IMG-20170923-WA0002-1024x576.jpg 1024w, https:\/\/www.conselharan.org\/wp-content\/uploads\/2017\/09\/IMG-20170923-WA0002-300x169.jpg 300w, https:\/\/www.conselharan.org\/wp-content\/uploads\/2017\/09\/IMG-20170923-WA0002-768x432.jpg 768w, https:\/\/www.conselharan.org\/wp-content\/uploads\/2017\/09\/IMG-20170923-WA0002.jpg 1552w\" sizes=\"(max-width: 1024px) 100vw, 1024px\" \/><\/a><\/p>\n<p>&nbsp;<\/p>\n<p>&nbsp;<\/p>\n<p>&nbsp;<\/p>\n ","protected":false},"excerpt":{"rendered":"<p>Vielha, 25 de setembre de 2017.- El Sr. Sergio Coll Pl\u00e0, professor i arquitecte de l\u2019Escola Superior d\u2019Arquitectura de la Universitat Rovira i Virgili va llegir i defensar una tesi important\u00edssima sobre les esgl\u00e9sies del primer rom\u00e0nic de la Val d\u2019Aran amb el nom d\u2019\u201cEstudi des gl\u00e8ises en cornaenclinc de v\u00f2utes escarramingades\u201d fent \u00e8mfasi i&#8230;<\/p>\n","protected":false},"author":2,"featured_media":19237,"comment_status":"closed","ping_status":"closed","sticky":false,"template":"","format":"standard","meta":{"footnotes":""},"categories":[53],"tags":[],"_links":{"self":[{"href":"https:\/\/www.conselharan.org\/ca\/wp-json\/wp\/v2\/posts\/19242"}],"collection":[{"href":"https:\/\/www.conselharan.org\/ca\/wp-json\/wp\/v2\/posts"}],"about":[{"href":"https:\/\/www.conselharan.org\/ca\/wp-json\/wp\/v2\/types\/post"}],"author":[{"embeddable":true,"href":"https:\/\/www.conselharan.org\/ca\/wp-json\/wp\/v2\/users\/2"}],"replies":[{"embeddable":true,"href":"https:\/\/www.conselharan.org\/ca\/wp-json\/wp\/v2\/comments?post=19242"}],"version-history":[{"count":1,"href":"https:\/\/www.conselharan.org\/ca\/wp-json\/wp\/v2\/posts\/19242\/revisions"}],"predecessor-version":[{"id":19243,"href":"https:\/\/www.conselharan.org\/ca\/wp-json\/wp\/v2\/posts\/19242\/revisions\/19243"}],"wp:featuredmedia":[{"embeddable":true,"href":"https:\/\/www.conselharan.org\/ca\/wp-json\/wp\/v2\/media\/19237"}],"wp:attachment":[{"href":"https:\/\/www.conselharan.org\/ca\/wp-json\/wp\/v2\/media?parent=19242"}],"wp:term":[{"taxonomy":"category","embeddable":true,"href":"https:\/\/www.conselharan.org\/ca\/wp-json\/wp\/v2\/categories?post=19242"},{"taxonomy":"post_tag","embeddable":true,"href":"https:\/\/www.conselharan.org\/ca\/wp-json\/wp\/v2\/tags?post=19242"}],"curies":[{"name":"wp","href":"https:\/\/api.w.org\/{rel}","templated":true}]}}