{"id":19271,"date":"2017-09-29T11:23:46","date_gmt":"2017-09-29T09:23:46","guid":{"rendered":"http:\/\/www.conselharan.org\/ca\/?p=19271"},"modified":"2017-09-29T13:33:28","modified_gmt":"2017-09-29T11:33:28","slug":"el-sindic-daran-visita-les-obres-dampliacio-de-la-nova-deixalleria-de-beusa","status":"publish","type":"post","link":"https:\/\/www.conselharan.org\/ca\/el-sindic-daran-visita-les-obres-dampliacio-de-la-nova-deixalleria-de-beusa\/","title":{"rendered":"El sindic d\u2019Aran visita les obres d\u2019ampliaci\u00f3 de la nova deixalleria de Beusa"},"content":{"rendered":"<p>Vielha, 27 de setembre de 2017.- El sindic d\u2019Aran, <strong>Carlos Barrera<\/strong>, acompanyat del conselh\u00e8r de Territ\u00f2ri, <strong>Jos\u00e9 Antonio Boya<\/strong> i de la resta de t\u00e8cnics del Conselh Generau d\u2019Aran, ha realitzat una visita de seguiment de les obres de construcci\u00f3 de la nova deixalleria de Beusa a Vielha e Mijaran. La posada en marxa d\u2019aquest nou equipament significar\u00e0 una millora considerable de la gesti\u00f3 ambiental i facilitar\u00e0 encara m\u00e9s la col\u00b7laboraci\u00f3 ciutadana en la gesti\u00f3 sostenible del medi ambient.<\/p>\n<p><a href=\"http:\/\/www.conselharan.org\/wp-content\/uploads\/2017\/09\/Foto-26-9-17-10-34-56.jpg\"><img loading=\"lazy\" decoding=\"async\" class=\"aligncenter size-large wp-image-19267\" src=\"http:\/\/www.conselharan.org\/wp-content\/uploads\/2017\/09\/Foto-26-9-17-10-34-56-1024x768.jpg\" alt=\"Foto 26-9-17 10 34 56\" width=\"1024\" height=\"768\" srcset=\"https:\/\/www.conselharan.org\/wp-content\/uploads\/2017\/09\/Foto-26-9-17-10-34-56-1024x768.jpg 1024w, https:\/\/www.conselharan.org\/wp-content\/uploads\/2017\/09\/Foto-26-9-17-10-34-56-300x225.jpg 300w, https:\/\/www.conselharan.org\/wp-content\/uploads\/2017\/09\/Foto-26-9-17-10-34-56-768x576.jpg 768w\" sizes=\"(max-width: 1024px) 100vw, 1024px\" \/><\/a><\/p>\n<p>La primera fase de construcci\u00f3 d\u2019aquest nou equipament, t\u00e9 un pressupost projectat de \u00a0374.446\u20ac , adjudicat amb baixa econ\u00f2mica de 295.438,65\u20ac, dels quals l\u2019Ag\u00e8ncia de Residus de Catalunya n\u2019aporta la quantitat de 250.000\u20ac. Un cop acabada la primera fase, la nova deixalleria es podr\u00e0 posar en marxa amb 6 dels 14 molls dels que disposar\u00e0 l\u2019equipament un cop s\u2019hagi completat la segona fase de construcci\u00f3.<\/p>\n<p>Aquesta segona fase, pressupostada en 597.943\u20ac dotar\u00e0 la instal\u00b7laci\u00f3 dels equipaments adequats per facilitar l\u2019acc\u00e9s a tots els usuaris i millorar la efici\u00e8ncia de la evacuaci\u00f3 i tractament\u00a0 dels materials gestionats en aquest centre.<\/p>\n<p>La nova instal\u00b7laci\u00f3 est\u00e0 constru\u00efda sobre una parcel\u00b7la d\u2019uns 4.200 m2 cedida per l\u2019ACA (Ag\u00e8ncia Catalana de l\u2019Aigua) al Conselh Generau d\u2019Aran per a l\u2019adequaci\u00f3 de la instal\u00b7laci\u00f3 de la deixalleria que va resultar malmesa durant els aiguats de 2013.<\/p>\n<p>La nova deixalleria, s\u2019instal\u00b7la en un recinte ballat que tindr\u00e0 una b\u00e0scula a l\u2019entrada on es rebr\u00e0 als usuaris que pujaran per una rampa al moll de les diferents caixes de residus generats, degudament senyalitzades, i, un cop dipositats els residus en la caixa corresponent, l\u2019usuari continuar\u00e0 per baixar per una segona rampa habilitada al final del moll i retornar\u00e0 a la b\u00e0scula de recepci\u00f3 on l\u2019operari lliurar\u00e0 el corresponent albar\u00e0 d\u2019entrada amb descripci\u00f3 de les caracter\u00edstiques dels materials lliurats a la deixalleria, tipus de residu, quantitat, data, hora, pes, etc.<\/p>\n<p>Els diferents residus gestionats a la deixalleria s\u00f3n enviats als gestors homologats corresponents, ja sigui amb la mateixa caixa on es diposita el residu, o en g\u00e0bies habilitades pel transport segons la naturalesa del producte.<\/p>\n<p>S\u2019estima que el nombre de caixes de 30 m<sup>3<\/sup> que surten mensualment de la deixalleria oscil\u00b7la entre 40 i 50. En una segona fase que s\u2019espera que estigui en marxa la propera primavera la instal\u00b7laci\u00f3 estar\u00e0 preparada per compactar els materials de les fraccions que aix\u00ed ho permetin, com per exemple el cartr\u00f3 i fusta, amb l\u2019objectiu d\u2019optimitzar el servei reduint el nombre de viatges i el cost que aix\u00f2 representa per al Conselh Generau d\u2019Aran i pels ciutadans.<\/p>\n<p>Cal recordar que actualment la Val d\u2019Aran despr\u00e8s dels esfor\u00e7os del Govern d\u2019Aran, i amb la col\u00b7laboraci\u00f3 dels grans productors de residus i de la ciutadania aranesa, \u00e9s l\u201911\u00e8 territori de Catalunya on m\u00e9s residus es reciclen a trav\u00e9s de la recollida selectiva. L\u2019increment progressiu i la conseq\u00fcent millora dels percentatges demostra l\u2019augment de la conscienciaci\u00f3 ciutadana sobre la import\u00e0ncia de la preservaci\u00f3 del medi ambient.<\/p>\n ","protected":false},"excerpt":{"rendered":"<p>Vielha, 27 de setembre de 2017.- El sindic d\u2019Aran, Carlos Barrera, acompanyat del conselh\u00e8r de Territ\u00f2ri, Jos\u00e9 Antonio Boya i de la resta de t\u00e8cnics del Conselh Generau d\u2019Aran, ha realitzat una visita de seguiment de les obres de construcci\u00f3 de la nova deixalleria de Beusa a Vielha e Mijaran. La posada en marxa d\u2019aquest&#8230;<\/p>\n","protected":false},"author":2,"featured_media":19267,"comment_status":"closed","ping_status":"closed","sticky":false,"template":"","format":"standard","meta":{"footnotes":""},"categories":[53,36],"tags":[],"_links":{"self":[{"href":"https:\/\/www.conselharan.org\/ca\/wp-json\/wp\/v2\/posts\/19271"}],"collection":[{"href":"https:\/\/www.conselharan.org\/ca\/wp-json\/wp\/v2\/posts"}],"about":[{"href":"https:\/\/www.conselharan.org\/ca\/wp-json\/wp\/v2\/types\/post"}],"author":[{"embeddable":true,"href":"https:\/\/www.conselharan.org\/ca\/wp-json\/wp\/v2\/users\/2"}],"replies":[{"embeddable":true,"href":"https:\/\/www.conselharan.org\/ca\/wp-json\/wp\/v2\/comments?post=19271"}],"version-history":[{"count":1,"href":"https:\/\/www.conselharan.org\/ca\/wp-json\/wp\/v2\/posts\/19271\/revisions"}],"predecessor-version":[{"id":19273,"href":"https:\/\/www.conselharan.org\/ca\/wp-json\/wp\/v2\/posts\/19271\/revisions\/19273"}],"wp:featuredmedia":[{"embeddable":true,"href":"https:\/\/www.conselharan.org\/ca\/wp-json\/wp\/v2\/media\/19267"}],"wp:attachment":[{"href":"https:\/\/www.conselharan.org\/ca\/wp-json\/wp\/v2\/media?parent=19271"}],"wp:term":[{"taxonomy":"category","embeddable":true,"href":"https:\/\/www.conselharan.org\/ca\/wp-json\/wp\/v2\/categories?post=19271"},{"taxonomy":"post_tag","embeddable":true,"href":"https:\/\/www.conselharan.org\/ca\/wp-json\/wp\/v2\/tags?post=19271"}],"curies":[{"name":"wp","href":"https:\/\/api.w.org\/{rel}","templated":true}]}}