{"id":19315,"date":"2017-10-04T14:30:02","date_gmt":"2017-10-04T12:30:02","guid":{"rendered":"http:\/\/www.conselharan.org\/?p=19315"},"modified":"2017-10-06T13:39:23","modified_gmt":"2017-10-06T11:39:23","slug":"el-cei-val-daran-proposa-noves-capsules-formatives-a-loctubre","status":"publish","type":"post","link":"https:\/\/www.conselharan.org\/ca\/el-cei-val-daran-proposa-noves-capsules-formatives-a-loctubre\/","title":{"rendered":"El CEI Val d&#8217;Aran proposa noves c\u00e0psules formatives a l&#8217;octubre"},"content":{"rendered":"<p><strong>El CEI Val d&#8217;Aran proposa per aquest mes d&#8217;octubre noves c\u00e0psules formatives per a totes aquelles persones interessades en millorar els seus coneixements en l&#8217;\u00e0mbit laboral<\/strong>.<\/p>\n<p><a href=\"http:\/\/www.conselharan.org\/ca\/el-cei-val-daran-proposa-noves-capsules-formatives-a-loctubre\/diuendres-10-00-12-00\/\" rel=\"attachment wp-att-19327\"><img loading=\"lazy\" decoding=\"async\" class=\"aligncenter size-full wp-image-19327\" src=\"http:\/\/www.conselharan.org\/wp-content\/uploads\/2017\/10\/diuendres-10.00-12.00.jpg\" alt=\"\" width=\"720\" height=\"960\" srcset=\"https:\/\/www.conselharan.org\/wp-content\/uploads\/2017\/10\/diuendres-10.00-12.00.jpg 720w, https:\/\/www.conselharan.org\/wp-content\/uploads\/2017\/10\/diuendres-10.00-12.00-225x300.jpg 225w\" sizes=\"(max-width: 720px) 100vw, 720px\" \/><\/a><\/p>\n<p>&nbsp;<\/p>\n<p><a href=\"http:\/\/www.conselharan.org\/ca\/el-cei-val-daran-proposa-noves-capsules-formatives-a-loctubre\/diuendres-12-00-14-00\/\" rel=\"attachment wp-att-19328\"><img loading=\"lazy\" decoding=\"async\" class=\"aligncenter size-full wp-image-19328\" src=\"http:\/\/www.conselharan.org\/wp-content\/uploads\/2017\/10\/diuendres-12.00-14.00.jpg\" alt=\"\" width=\"720\" height=\"960\" srcset=\"https:\/\/www.conselharan.org\/wp-content\/uploads\/2017\/10\/diuendres-12.00-14.00.jpg 720w, https:\/\/www.conselharan.org\/wp-content\/uploads\/2017\/10\/diuendres-12.00-14.00-225x300.jpg 225w\" sizes=\"(max-width: 720px) 100vw, 720px\" \/><\/a><\/p>\n<p>&nbsp;<\/p>\n<p>El divendres dia 20 d\u2019octubre: <strong>\u201cApren a h\u00e8r curriculums creatius\u201d <\/strong>i <strong>\u201cSabes coma h\u00e8r un curriculum per compet\u00e9ncies\u201d <\/strong>de 10:00 a 14:00 hores, a c\u00e0rrec de Georgina Par\u00eds Ma\u00f1as.<\/p>\n<p>&nbsp;<\/p>\n<p>&nbsp;<\/p>\n<p>Totes les c\u00e0psules formatives s&#8217;impartiran al CEI Val d\u2019Aran de Casau, Pla\u00e7a Naua, 1.<\/p>\n<p>Recordar que les c\u00e0psules s\u00f3n gratu\u00eftes\u00a0 i que les persones que s&#8217;hi vulguin inscriure haur\u00e0n de portar el DNI o fotoc\u00f2pia del mateix. Les inscripcions es poden fer directament al web del CEI Val d&#8217;Aran <a href=\"www.ceivaldaran.org\">www.ceivaldaran.org<\/a>\u00a0 on trobaran tota la informaci\u00f3.<\/p>\n<p>Tamb\u00e9 es pot accedir a les c\u00e0psules formatives mitjan\u00e7ant l&#8217;enlla\u00e7 de la web del Conselh Generau d&#8217;Aran <a href=\"www.aran.org\">www.aran.org<\/a><\/p>\n ","protected":false},"excerpt":{"rendered":"<p>El CEI Val d&#8217;Aran proposa per aquest mes d&#8217;octubre noves c\u00e0psules formatives per a totes aquelles persones interessades en millorar els seus coneixements en l&#8217;\u00e0mbit laboral. &nbsp; &nbsp; El divendres dia 20 d\u2019octubre: \u201cApren a h\u00e8r curriculums creatius\u201d i \u201cSabes coma h\u00e8r un curriculum per compet\u00e9ncies\u201d de 10:00 a 14:00 hores, a c\u00e0rrec de Georgina&#8230;<\/p>\n","protected":false},"author":2,"featured_media":19327,"comment_status":"closed","ping_status":"closed","sticky":false,"template":"","format":"standard","meta":{"footnotes":""},"categories":[33],"tags":[],"_links":{"self":[{"href":"https:\/\/www.conselharan.org\/ca\/wp-json\/wp\/v2\/posts\/19315"}],"collection":[{"href":"https:\/\/www.conselharan.org\/ca\/wp-json\/wp\/v2\/posts"}],"about":[{"href":"https:\/\/www.conselharan.org\/ca\/wp-json\/wp\/v2\/types\/post"}],"author":[{"embeddable":true,"href":"https:\/\/www.conselharan.org\/ca\/wp-json\/wp\/v2\/users\/2"}],"replies":[{"embeddable":true,"href":"https:\/\/www.conselharan.org\/ca\/wp-json\/wp\/v2\/comments?post=19315"}],"version-history":[{"count":4,"href":"https:\/\/www.conselharan.org\/ca\/wp-json\/wp\/v2\/posts\/19315\/revisions"}],"predecessor-version":[{"id":19343,"href":"https:\/\/www.conselharan.org\/ca\/wp-json\/wp\/v2\/posts\/19315\/revisions\/19343"}],"wp:featuredmedia":[{"embeddable":true,"href":"https:\/\/www.conselharan.org\/ca\/wp-json\/wp\/v2\/media\/19327"}],"wp:attachment":[{"href":"https:\/\/www.conselharan.org\/ca\/wp-json\/wp\/v2\/media?parent=19315"}],"wp:term":[{"taxonomy":"category","embeddable":true,"href":"https:\/\/www.conselharan.org\/ca\/wp-json\/wp\/v2\/categories?post=19315"},{"taxonomy":"post_tag","embeddable":true,"href":"https:\/\/www.conselharan.org\/ca\/wp-json\/wp\/v2\/tags?post=19315"}],"curies":[{"name":"wp","href":"https:\/\/api.w.org\/{rel}","templated":true}]}}