{"id":19350,"date":"2017-10-06T13:51:20","date_gmt":"2017-10-06T11:51:20","guid":{"rendered":"http:\/\/www.conselharan.org\/?p=19350"},"modified":"2017-10-06T13:51:20","modified_gmt":"2017-10-06T11:51:20","slug":"els-pompiers-daran-participen-en-les-xxvii-trobades-nacionals-de-crema-de-pastures-a-franca","status":"publish","type":"post","link":"https:\/\/www.conselharan.org\/ca\/els-pompiers-daran-participen-en-les-xxvii-trobades-nacionals-de-crema-de-pastures-a-franca\/","title":{"rendered":"Els Pompi\u00e8rs d&#8217;Aran participen en les XXVII Trobades nacionals de crema de pastures a Fran\u00e7a"},"content":{"rendered":"<p>Vielha, 5 d&#8217;octubre de 2017.- Els Pompi\u00e8rs d&#8217;Aran han participat entre el 4 i el 6 d&#8217;octubre en la 27\u00e8na edici\u00f3 de les Trobades nacionals de pr\u00e0ctiques sobre crema t\u00e8cnica de pastures, organitzades per la Cambra d&#8217;Agricultura Haute Garonne, Saupeurs-Pompiers Haute Garonne i la Communaut\u00e9 de Communes Pyr\u00e9n\u00e9es Haut Garonnaises.<\/p>\n<p>Les diferents presentacions han tingut lloc a l&#8217;aula de la Col\u00f2nia &#8220;Vacances Action Sociale Arm\u00e9es&#8221;a Garin (Bagn\u00e8res de Luchon). Garin es troba a la vall de Larboust al cor dels Pirineus a Comminges, a 55 km al sud-oest de Saint-Gaudens.<\/p>\n<p><a href=\"http:\/\/www.conselharan.org\/wp-content\/uploads\/2017\/10\/file3.jpeg\"><img loading=\"lazy\" decoding=\"async\" class=\"aligncenter size-large wp-image-19348\" src=\"http:\/\/www.conselharan.org\/wp-content\/uploads\/2017\/10\/file3-1024x768.jpeg\" alt=\"\" width=\"1024\" height=\"768\" srcset=\"https:\/\/www.conselharan.org\/wp-content\/uploads\/2017\/10\/file3-1024x768.jpeg 1024w, https:\/\/www.conselharan.org\/wp-content\/uploads\/2017\/10\/file3-300x225.jpeg 300w, https:\/\/www.conselharan.org\/wp-content\/uploads\/2017\/10\/file3-768x576.jpeg 768w, https:\/\/www.conselharan.org\/wp-content\/uploads\/2017\/10\/file3.jpeg 1600w\" sizes=\"(max-width: 1024px) 100vw, 1024px\" \/><\/a><\/p>\n<p>La trobada sobre cremes t\u00e0ctiques de pastures inclou entre d&#8217;altres activitats una sessi\u00f3 de treball sobre els \u00faltims aven\u00e7os en focs t\u00e0ctics i una visita al centre d&#8217;emerg\u00e8ncies de Bagn\u00e8res de Luchon i la presentaci\u00f3 dels equipaments.<\/p>\n<p>Durant les jornades tamb\u00e9 s\u2019han portat a terme activitats amb visites sobre el terreny d&#8217;una\u00a0 crema realitzada a la vora de la muntanya per protegir la commune de Cazaril-Laspenes, i una de les cremades realitzades per evitar les allaus en el passatge del coll del Peyresourde.<\/p>\n<p>La trobada han incl\u00f2s l&#8217;exposici\u00f3 itinerant sobre incendis creada per la Ciutat de la Ci\u00e8ncia i l&#8217;informe del Consell Regional Econ\u00f2mic, Social i Ambiental de Proven\u00e7a-Alps-Costa Blava sobre l&#8217;adaptaci\u00f3 al canvi clim\u00e0tic en aquesta zona de Fran\u00e7a.<\/p>\n<p><a href=\"http:\/\/www.conselharan.org\/wp-content\/uploads\/2017\/10\/file5.jpeg\"><img loading=\"lazy\" decoding=\"async\" class=\"aligncenter size-large wp-image-19351\" src=\"http:\/\/www.conselharan.org\/wp-content\/uploads\/2017\/10\/file5-1024x768.jpeg\" alt=\"\" width=\"1024\" height=\"768\" srcset=\"https:\/\/www.conselharan.org\/wp-content\/uploads\/2017\/10\/file5-1024x768.jpeg 1024w, https:\/\/www.conselharan.org\/wp-content\/uploads\/2017\/10\/file5-300x225.jpeg 300w, https:\/\/www.conselharan.org\/wp-content\/uploads\/2017\/10\/file5-768x576.jpeg 768w, https:\/\/www.conselharan.org\/wp-content\/uploads\/2017\/10\/file5.jpeg 1600w\" sizes=\"(max-width: 1024px) 100vw, 1024px\" \/><\/a><\/p>\n<p><a href=\"http:\/\/www.conselharan.org\/wp-content\/uploads\/2017\/10\/file-2.jpeg\"><img loading=\"lazy\" decoding=\"async\" class=\"aligncenter size-large wp-image-19347\" src=\"http:\/\/www.conselharan.org\/wp-content\/uploads\/2017\/10\/file-2-1024x768.jpeg\" alt=\"\" width=\"1024\" height=\"768\" srcset=\"https:\/\/www.conselharan.org\/wp-content\/uploads\/2017\/10\/file-2-1024x768.jpeg 1024w, https:\/\/www.conselharan.org\/wp-content\/uploads\/2017\/10\/file-2-300x225.jpeg 300w, https:\/\/www.conselharan.org\/wp-content\/uploads\/2017\/10\/file-2-768x576.jpeg 768w, https:\/\/www.conselharan.org\/wp-content\/uploads\/2017\/10\/file-2.jpeg 1600w\" sizes=\"(max-width: 1024px) 100vw, 1024px\" \/><\/a><\/p>\n<p>&nbsp;<\/p>\n<p>&nbsp;<\/p>\n<p>&nbsp;<\/p>\n<p>&nbsp;<\/p>\n<p>&nbsp;<\/p>\n ","protected":false},"excerpt":{"rendered":"<p>Vielha, 5 d&#8217;octubre de 2017.- Els Pompi\u00e8rs d&#8217;Aran han participat entre el 4 i el 6 d&#8217;octubre en la 27\u00e8na edici\u00f3 de les Trobades nacionals de pr\u00e0ctiques sobre crema t\u00e8cnica de pastures, organitzades per la Cambra d&#8217;Agricultura Haute Garonne, Saupeurs-Pompiers Haute Garonne i la Communaut\u00e9 de Communes Pyr\u00e9n\u00e9es Haut Garonnaises. Les diferents presentacions han tingut&#8230;<\/p>\n","protected":false},"author":2,"featured_media":19348,"comment_status":"closed","ping_status":"closed","sticky":false,"template":"","format":"standard","meta":{"footnotes":""},"categories":[53],"tags":[],"_links":{"self":[{"href":"https:\/\/www.conselharan.org\/ca\/wp-json\/wp\/v2\/posts\/19350"}],"collection":[{"href":"https:\/\/www.conselharan.org\/ca\/wp-json\/wp\/v2\/posts"}],"about":[{"href":"https:\/\/www.conselharan.org\/ca\/wp-json\/wp\/v2\/types\/post"}],"author":[{"embeddable":true,"href":"https:\/\/www.conselharan.org\/ca\/wp-json\/wp\/v2\/users\/2"}],"replies":[{"embeddable":true,"href":"https:\/\/www.conselharan.org\/ca\/wp-json\/wp\/v2\/comments?post=19350"}],"version-history":[{"count":1,"href":"https:\/\/www.conselharan.org\/ca\/wp-json\/wp\/v2\/posts\/19350\/revisions"}],"predecessor-version":[{"id":19352,"href":"https:\/\/www.conselharan.org\/ca\/wp-json\/wp\/v2\/posts\/19350\/revisions\/19352"}],"wp:featuredmedia":[{"embeddable":true,"href":"https:\/\/www.conselharan.org\/ca\/wp-json\/wp\/v2\/media\/19348"}],"wp:attachment":[{"href":"https:\/\/www.conselharan.org\/ca\/wp-json\/wp\/v2\/media?parent=19350"}],"wp:term":[{"taxonomy":"category","embeddable":true,"href":"https:\/\/www.conselharan.org\/ca\/wp-json\/wp\/v2\/categories?post=19350"},{"taxonomy":"post_tag","embeddable":true,"href":"https:\/\/www.conselharan.org\/ca\/wp-json\/wp\/v2\/tags?post=19350"}],"curies":[{"name":"wp","href":"https:\/\/api.w.org\/{rel}","templated":true}]}}