{"id":19362,"date":"2017-10-06T14:31:59","date_gmt":"2017-10-06T12:31:59","guid":{"rendered":"http:\/\/www.conselharan.org\/?p=19362"},"modified":"2017-10-06T14:31:59","modified_gmt":"2017-10-06T12:31:59","slug":"les-enceta-el-calendari-de-fires-del-bestiar-de-la-val-daran","status":"publish","type":"post","link":"https:\/\/www.conselharan.org\/ca\/les-enceta-el-calendari-de-fires-del-bestiar-de-la-val-daran\/","title":{"rendered":"Les enceta el calendari de Fires del Bestiar de la Val d\u2019Aran"},"content":{"rendered":"<p>Vielha, 6 d\u2019octubre de 2017.- Les \u00e9s la primera poblaci\u00f3 de la Val d\u2019Aran que celebra avui 6 d\u2019octubre la seva Fira del Bestiar.<\/p>\n<p>La Fira ha comen\u00e7at de bon mat\u00ed amb l\u2019arribada del bestiar al recinte firal, amb la tradicional fira de cavalls, poneys, burros, mules i ovelles, i ha continuat amb l\u2019esmorzar popular. Cal destacar l\u2019assist\u00e8ncia de nombr\u00f3s p\u00fablic vingut d\u2019arreu interessat en els productes gastron\u00f2mics i artesans que tamb\u00e9 ofereix la fira.<\/p>\n<p>Dem\u00e0 \u00e9s el torn de la Fira de Salard\u00fa, amb la celebraci\u00f3 del XIV\u00e8 Concurs Morfol\u00f2gic Comarcal del \u201cCavall Pirinenc Catal\u00e0\u201d i el proper diumenge 8 d\u2019octubre arriba la fira de Vielha que inclou el XXXI\u00e8 Concurs de Bestiar, amb l\u2019esmorzar popular a les 10:00h i el repartiment de premis als pagesos i ramaders participants a les 12:00h.<\/p>\n<p><a href=\"http:\/\/www.conselharan.org\/wp-content\/uploads\/2017\/10\/Foto-6-10-17-10-35-17.jpg\"><img loading=\"lazy\" decoding=\"async\" class=\"aligncenter size-large wp-image-19360\" src=\"http:\/\/www.conselharan.org\/wp-content\/uploads\/2017\/10\/Foto-6-10-17-10-35-17-1024x768.jpg\" alt=\"\" width=\"1024\" height=\"768\" srcset=\"https:\/\/www.conselharan.org\/wp-content\/uploads\/2017\/10\/Foto-6-10-17-10-35-17-1024x768.jpg 1024w, https:\/\/www.conselharan.org\/wp-content\/uploads\/2017\/10\/Foto-6-10-17-10-35-17-300x225.jpg 300w, https:\/\/www.conselharan.org\/wp-content\/uploads\/2017\/10\/Foto-6-10-17-10-35-17-768x576.jpg 768w\" sizes=\"(max-width: 1024px) 100vw, 1024px\" \/><\/a><\/p>\n ","protected":false},"excerpt":{"rendered":"<p>Vielha, 6 d\u2019octubre de 2017.- Les \u00e9s la primera poblaci\u00f3 de la Val d\u2019Aran que celebra avui 6 d\u2019octubre la seva Fira del Bestiar. La Fira ha comen\u00e7at de bon mat\u00ed amb l\u2019arribada del bestiar al recinte firal, amb la tradicional fira de cavalls, poneys, burros, mules i ovelles, i ha continuat amb l\u2019esmorzar popular&#8230;.<\/p>\n","protected":false},"author":2,"featured_media":19360,"comment_status":"closed","ping_status":"closed","sticky":false,"template":"","format":"standard","meta":{"footnotes":""},"categories":[33],"tags":[],"_links":{"self":[{"href":"https:\/\/www.conselharan.org\/ca\/wp-json\/wp\/v2\/posts\/19362"}],"collection":[{"href":"https:\/\/www.conselharan.org\/ca\/wp-json\/wp\/v2\/posts"}],"about":[{"href":"https:\/\/www.conselharan.org\/ca\/wp-json\/wp\/v2\/types\/post"}],"author":[{"embeddable":true,"href":"https:\/\/www.conselharan.org\/ca\/wp-json\/wp\/v2\/users\/2"}],"replies":[{"embeddable":true,"href":"https:\/\/www.conselharan.org\/ca\/wp-json\/wp\/v2\/comments?post=19362"}],"version-history":[{"count":1,"href":"https:\/\/www.conselharan.org\/ca\/wp-json\/wp\/v2\/posts\/19362\/revisions"}],"predecessor-version":[{"id":19363,"href":"https:\/\/www.conselharan.org\/ca\/wp-json\/wp\/v2\/posts\/19362\/revisions\/19363"}],"wp:featuredmedia":[{"embeddable":true,"href":"https:\/\/www.conselharan.org\/ca\/wp-json\/wp\/v2\/media\/19360"}],"wp:attachment":[{"href":"https:\/\/www.conselharan.org\/ca\/wp-json\/wp\/v2\/media?parent=19362"}],"wp:term":[{"taxonomy":"category","embeddable":true,"href":"https:\/\/www.conselharan.org\/ca\/wp-json\/wp\/v2\/categories?post=19362"},{"taxonomy":"post_tag","embeddable":true,"href":"https:\/\/www.conselharan.org\/ca\/wp-json\/wp\/v2\/tags?post=19362"}],"curies":[{"name":"wp","href":"https:\/\/api.w.org\/{rel}","templated":true}]}}