{"id":19387,"date":"2017-10-09T14:31:29","date_gmt":"2017-10-09T12:31:29","guid":{"rendered":"http:\/\/www.conselharan.org\/?p=19387"},"modified":"2017-10-09T14:31:29","modified_gmt":"2017-10-09T12:31:29","slug":"el-centre-de-prediccio-de-lauegi-de-la-val-daran-participa-a-andorra-a-les-v-jornades-tecniques-de-neu-i-allaus","status":"publish","type":"post","link":"https:\/\/www.conselharan.org\/ca\/el-centre-de-prediccio-de-lauegi-de-la-val-daran-participa-a-andorra-a-les-v-jornades-tecniques-de-neu-i-allaus\/","title":{"rendered":"El Centre de Predicci\u00f3 de Lauegi de la Val d\u2019Aran participa a Andorra a les V Jornades t\u00e8cniques de neu i allaus"},"content":{"rendered":"<p>Vielha, 9 d\u2019octubre de 2017.-\u00a0 L&#8217;Institut Cartogr\u00e0fic i Geol\u00f2gic de Catalunya (ICGC), l&#8217;Institut d&#8217;Estudis Andorrans (IEA), l&#8217;Observatori de la Sostenibilitat d&#8217;Andorra, el Servei Meteorol\u00f2gic de Catalunya i el <strong>Conselh Generau d&#8217;Aran<\/strong>, amb la pres\u00e8ncia del conselh\u00e8r de Territori, <strong>Jose Antonio Boya<\/strong>, a trav\u00e9s del <strong>Centre de Predicci\u00f3 de Lauegi de la Val d\u2019Aran,<\/strong> organitzen entre el 9 i l\u201911 d\u2019octubre les V Jornades t\u00e8cniques de neu i allaus (Pyrenean Symposium on Snow and Avalanches), que en aquesta 5\u00e8na edici\u00f3 es celebren a l&#8217;Andorra Congr\u00e9s Centre de la poblaci\u00f3 d\u2019Ordino (Andorra).<\/p>\n<p><a href=\"http:\/\/www.conselharan.org\/wp-content\/uploads\/2017\/10\/WhatsApp-Image-2017-10-09-at-12.20.351.jpeg\"><img loading=\"lazy\" decoding=\"async\" class=\"aligncenter size-large wp-image-19384\" src=\"http:\/\/www.conselharan.org\/wp-content\/uploads\/2017\/10\/WhatsApp-Image-2017-10-09-at-12.20.351-1024x768.jpeg\" alt=\"\" width=\"1024\" height=\"768\" srcset=\"https:\/\/www.conselharan.org\/wp-content\/uploads\/2017\/10\/WhatsApp-Image-2017-10-09-at-12.20.351.jpeg 1024w, https:\/\/www.conselharan.org\/wp-content\/uploads\/2017\/10\/WhatsApp-Image-2017-10-09-at-12.20.351-300x225.jpeg 300w, https:\/\/www.conselharan.org\/wp-content\/uploads\/2017\/10\/WhatsApp-Image-2017-10-09-at-12.20.351-768x576.jpeg 768w\" sizes=\"(max-width: 1024px) 100vw, 1024px\" \/><\/a><\/p>\n<p>Les anteriors edicions de les jornades t\u00e8cniques de neu i allaus, es van celebrar a Barcelona (2) i a la Val d\u2019Aran (2).<\/p>\n<p>Aquestes jornades s\u00f3n un punt de trobada d&#8217;aquelles persones que, tant particularment com professionalment, estan interessades en el m\u00f3n de la neu i de les allaus. Les jornades d&#8217;enguany s&#8217;estructuraran en els bloc tem\u00e0tics seg\u00fcents:<\/p>\n<ul>\n<li>Meteorologia de muntanya.<\/li>\n<li>Neu i recursos h\u00eddrics.<\/li>\n<li>Canvi clim\u00e0tic.<\/li>\n<li>Predicci\u00f3 d&#8217;allaus.<\/li>\n<li>Cartografia d&#8217;allaus.<\/li>\n<li>Din\u00e0mica d&#8217;allaus.<\/li>\n<li>Prevenci\u00f3 i protecci\u00f3.<\/li>\n<li>Seguretat en activitats de muntanya.<\/li>\n<li>Divulgaci\u00f3.<\/li>\n<\/ul>\n<p>Les jornades constaran de confer\u00e8ncies convidades, presentacions orals i p\u00f2sters. S&#8217;inclour\u00e0 un espai d&#8217;exposici\u00f3 per a empreses i institucions amb activitats relacionades amb la tem\u00e0tica de les jornades.<\/p>\n<p>Dins de les confer\u00e8ncies destaca la de <strong>Montse Bacardit<\/strong>, sobre \u201cCapes febles persistents: cr\u00f2nica i lli\u00e7ons apreses del principal problema d&#8217;allaus a la Val d&#8217;Aran la temporada 2016-2017\u201d, i la taula rodona amb la participaci\u00f3 de <strong>Aymar Navarro, I\u00f1igo Ayll\u00f3n, Francesc Poujarniscle, Carles Garc\u00eda i Ivan Moner<\/strong>, oberta al p\u00fablic amb professionals de l&#8217;\u00e0mbit de la predicci\u00f3 d&#8217;allaus, guies de muntanya i esportistes.<\/p>\n<p>L&#8217;\u00faltim dia es visitaran sobre el terreny diferents llocs d&#8217;inter\u00e8s de la parr\u00f2quia d&#8217;Ordino vinculats amb la tem\u00e0tica de les jornades.<\/p>\n<p>Per a m\u00e9s informaci\u00f3, podeu consultar la p\u00e0gina web local de les jornades del 2017: <a href=\"http:\/\/www.snowandavalanches.ad\">www.snowandavalanches.ad<\/a><\/p>\n<p><a href=\"http:\/\/www.conselharan.org\/wp-content\/uploads\/2017\/10\/WhatsApp-Image-2017-10-09-at-12.20.35.jpeg\"><img loading=\"lazy\" decoding=\"async\" class=\"aligncenter size-large wp-image-19385\" src=\"http:\/\/www.conselharan.org\/wp-content\/uploads\/2017\/10\/WhatsApp-Image-2017-10-09-at-12.20.35-1024x768.jpeg\" alt=\"\" width=\"1024\" height=\"768\" srcset=\"https:\/\/www.conselharan.org\/wp-content\/uploads\/2017\/10\/WhatsApp-Image-2017-10-09-at-12.20.35.jpeg 1024w, https:\/\/www.conselharan.org\/wp-content\/uploads\/2017\/10\/WhatsApp-Image-2017-10-09-at-12.20.35-300x225.jpeg 300w, https:\/\/www.conselharan.org\/wp-content\/uploads\/2017\/10\/WhatsApp-Image-2017-10-09-at-12.20.35-768x576.jpeg 768w\" sizes=\"(max-width: 1024px) 100vw, 1024px\" \/><\/a><\/p>\n ","protected":false},"excerpt":{"rendered":"<p>Vielha, 9 d\u2019octubre de 2017.-\u00a0 L&#8217;Institut Cartogr\u00e0fic i Geol\u00f2gic de Catalunya (ICGC), l&#8217;Institut d&#8217;Estudis Andorrans (IEA), l&#8217;Observatori de la Sostenibilitat d&#8217;Andorra, el Servei Meteorol\u00f2gic de Catalunya i el Conselh Generau d&#8217;Aran, amb la pres\u00e8ncia del conselh\u00e8r de Territori, Jose Antonio Boya, a trav\u00e9s del Centre de Predicci\u00f3 de Lauegi de la Val d\u2019Aran, organitzen entre&#8230;<\/p>\n","protected":false},"author":2,"featured_media":19384,"comment_status":"closed","ping_status":"closed","sticky":false,"template":"","format":"standard","meta":{"footnotes":""},"categories":[53],"tags":[],"_links":{"self":[{"href":"https:\/\/www.conselharan.org\/ca\/wp-json\/wp\/v2\/posts\/19387"}],"collection":[{"href":"https:\/\/www.conselharan.org\/ca\/wp-json\/wp\/v2\/posts"}],"about":[{"href":"https:\/\/www.conselharan.org\/ca\/wp-json\/wp\/v2\/types\/post"}],"author":[{"embeddable":true,"href":"https:\/\/www.conselharan.org\/ca\/wp-json\/wp\/v2\/users\/2"}],"replies":[{"embeddable":true,"href":"https:\/\/www.conselharan.org\/ca\/wp-json\/wp\/v2\/comments?post=19387"}],"version-history":[{"count":1,"href":"https:\/\/www.conselharan.org\/ca\/wp-json\/wp\/v2\/posts\/19387\/revisions"}],"predecessor-version":[{"id":19388,"href":"https:\/\/www.conselharan.org\/ca\/wp-json\/wp\/v2\/posts\/19387\/revisions\/19388"}],"wp:featuredmedia":[{"embeddable":true,"href":"https:\/\/www.conselharan.org\/ca\/wp-json\/wp\/v2\/media\/19384"}],"wp:attachment":[{"href":"https:\/\/www.conselharan.org\/ca\/wp-json\/wp\/v2\/media?parent=19387"}],"wp:term":[{"taxonomy":"category","embeddable":true,"href":"https:\/\/www.conselharan.org\/ca\/wp-json\/wp\/v2\/categories?post=19387"},{"taxonomy":"post_tag","embeddable":true,"href":"https:\/\/www.conselharan.org\/ca\/wp-json\/wp\/v2\/tags?post=19387"}],"curies":[{"name":"wp","href":"https:\/\/api.w.org\/{rel}","templated":true}]}}