{"id":19395,"date":"2017-10-10T11:03:34","date_gmt":"2017-10-10T09:03:34","guid":{"rendered":"http:\/\/www.conselharan.org\/?p=19395"},"modified":"2017-10-10T11:03:34","modified_gmt":"2017-10-10T09:03:34","slug":"taller-de-manualitats-de-nadal","status":"publish","type":"post","link":"https:\/\/www.conselharan.org\/ca\/taller-de-manualitats-de-nadal\/","title":{"rendered":"Taller de manualitats de Nadal"},"content":{"rendered":"<p><a href=\"http:\/\/www.conselharan.org\/talher-de-manualitats-de-nadau\/manualitatsvielha-2\/\" rel=\"attachment wp-att-19392\"><img loading=\"lazy\" decoding=\"async\" class=\"aligncenter size-large wp-image-19392\" src=\"http:\/\/www.conselharan.org\/wp-content\/uploads\/2017\/10\/manualitatsvielha-2-1024x699.jpg\" alt=\"\" width=\"1024\" height=\"699\" srcset=\"https:\/\/www.conselharan.org\/wp-content\/uploads\/2017\/10\/manualitatsvielha-2-1024x699.jpg 1024w, https:\/\/www.conselharan.org\/wp-content\/uploads\/2017\/10\/manualitatsvielha-2-300x205.jpg 300w, https:\/\/www.conselharan.org\/wp-content\/uploads\/2017\/10\/manualitatsvielha-2-768x524.jpg 768w, https:\/\/www.conselharan.org\/wp-content\/uploads\/2017\/10\/manualitatsvielha-2.jpg 1200w\" sizes=\"(max-width: 1024px) 100vw, 1024px\" \/><\/a><\/p>\n<p>&nbsp;<\/p>\n<p><strong>C\u00e0ritas d&#8217;Urgell<\/strong> amb seu a Vielha ha organitzat un <strong>Taller de manualitats de Nadal<\/strong> amb material reciclat.<\/p>\n<p>El taller, que \u00e9s gratu\u00eft, comen\u00e7ar\u00e0 el proper 18 d\u2019octubre i es realitzar\u00e0 cada dimecres de 10h30 a 11h30 en el Centre de C\u00e0ritas a Vielha (Av. Maladeta, 14).<\/p>\n<p>M\u00e9s informaci\u00f3 i inscripcions en el tel\u00e8fon: 973 64 13 57.<\/p>\n<p>&nbsp;<\/p>\n<p>&nbsp;<\/p>\n<p>&nbsp;<\/p>\n<p>&nbsp;<\/p>\n<p>Vielha, 10 d\u2019octubre de 2017<\/p>\n<p>&nbsp;<\/p>\n<p><em>Conselh Generau d&#8217;Aran: N\u00faria Sanjuan<\/em><\/p>\n ","protected":false},"excerpt":{"rendered":"<p>&nbsp; C\u00e0ritas d&#8217;Urgell amb seu a Vielha ha organitzat un Taller de manualitats de Nadal amb material reciclat. El taller, que \u00e9s gratu\u00eft, comen\u00e7ar\u00e0 el proper 18 d\u2019octubre i es realitzar\u00e0 cada dimecres de 10h30 a 11h30 en el Centre de C\u00e0ritas a Vielha (Av. Maladeta, 14). M\u00e9s informaci\u00f3 i inscripcions en el tel\u00e8fon: 973&#8230;<\/p>\n","protected":false},"author":2,"featured_media":19392,"comment_status":"closed","ping_status":"closed","sticky":false,"template":"","format":"standard","meta":{"footnotes":""},"categories":[33],"tags":[],"_links":{"self":[{"href":"https:\/\/www.conselharan.org\/ca\/wp-json\/wp\/v2\/posts\/19395"}],"collection":[{"href":"https:\/\/www.conselharan.org\/ca\/wp-json\/wp\/v2\/posts"}],"about":[{"href":"https:\/\/www.conselharan.org\/ca\/wp-json\/wp\/v2\/types\/post"}],"author":[{"embeddable":true,"href":"https:\/\/www.conselharan.org\/ca\/wp-json\/wp\/v2\/users\/2"}],"replies":[{"embeddable":true,"href":"https:\/\/www.conselharan.org\/ca\/wp-json\/wp\/v2\/comments?post=19395"}],"version-history":[{"count":1,"href":"https:\/\/www.conselharan.org\/ca\/wp-json\/wp\/v2\/posts\/19395\/revisions"}],"predecessor-version":[{"id":19396,"href":"https:\/\/www.conselharan.org\/ca\/wp-json\/wp\/v2\/posts\/19395\/revisions\/19396"}],"wp:featuredmedia":[{"embeddable":true,"href":"https:\/\/www.conselharan.org\/ca\/wp-json\/wp\/v2\/media\/19392"}],"wp:attachment":[{"href":"https:\/\/www.conselharan.org\/ca\/wp-json\/wp\/v2\/media?parent=19395"}],"wp:term":[{"taxonomy":"category","embeddable":true,"href":"https:\/\/www.conselharan.org\/ca\/wp-json\/wp\/v2\/categories?post=19395"},{"taxonomy":"post_tag","embeddable":true,"href":"https:\/\/www.conselharan.org\/ca\/wp-json\/wp\/v2\/tags?post=19395"}],"curies":[{"name":"wp","href":"https:\/\/api.w.org\/{rel}","templated":true}]}}