{"id":19610,"date":"2017-10-30T20:13:01","date_gmt":"2017-10-30T19:13:01","guid":{"rendered":"http:\/\/www.conselharan.org\/?p=19610"},"modified":"2017-10-30T20:13:01","modified_gmt":"2017-10-30T19:13:01","slug":"reunio-la-comissio-dafers-institucionals-del-conselh-generau-daran","status":"publish","type":"post","link":"https:\/\/www.conselharan.org\/ca\/reunio-la-comissio-dafers-institucionals-del-conselh-generau-daran\/","title":{"rendered":"Reuni\u00f3 la Comissi\u00f3 d&#8217;Afers institucionals del Conselh Generau d\u2019Aran"},"content":{"rendered":"<p>Avui s&#8217;ha reunit de forma urgent i extraordin\u00e0ria la Comissi\u00f3 d&#8217;Afers institucionals formada pels portaveus dels tres grups pol\u00edtics amb representaci\u00f3 al Conselh Generau d&#8217;Aran on s&#8217;ha acordat convocar un ple extraordinari per al dia 2 de novembre a les 9:30 hores on es discutir\u00e0 l&#8217;aprovaci\u00f3 d\u2019un acord institucional que despr\u00e9s ser\u00e0 sotm\u00e8s als plens de tots els ajuntaments de la Val d&#8217;Aran.<\/p>\n<p><a href=\"http:\/\/www.conselharan.org\/wp-content\/uploads\/2017\/10\/IMG_3436.jpg\"><img loading=\"lazy\" decoding=\"async\" class=\"aligncenter size-large wp-image-19606\" src=\"http:\/\/www.conselharan.org\/wp-content\/uploads\/2017\/10\/IMG_3436-1024x768.jpg\" alt=\"\" width=\"1024\" height=\"768\" srcset=\"https:\/\/www.conselharan.org\/wp-content\/uploads\/2017\/10\/IMG_3436-1024x768.jpg 1024w, https:\/\/www.conselharan.org\/wp-content\/uploads\/2017\/10\/IMG_3436-300x225.jpg 300w, https:\/\/www.conselharan.org\/wp-content\/uploads\/2017\/10\/IMG_3436-768x576.jpg 768w\" sizes=\"(max-width: 1024px) 100vw, 1024px\" \/><\/a><\/p>\n<p>Davant de la greu situaci\u00f3 pol\u00edtica que viuen el Govern de la Generalitat i el Govern de l&#8217;Estat, el Conselh Generau d\u2019Aran lamenta les situacions de patiment i de conflicte pol\u00edtic i social que es viuen lamentablement amb intensitat a tot Catalunya, cosa que no hauria d&#8217;haver succe\u00eft mai; ni empresonaments, ni imputacions penals, ni cessament dels membres del Govern de la Generalitat, com a conseq\u00fc\u00e8ncia de l&#8217;aplicaci\u00f3 de l&#8217;article 155 de la Constituci\u00f3 de 1978 i com a reacci\u00f3 a la declaraci\u00f3 de la rep\u00fablica pel Parlament de Catalunya. Tot i que malauradament aquesta \u00e9s la realitat a dia d&#8217;avui.<\/p>\n<p>Pel que fa a l&#8217;afectaci\u00f3 que l&#8217;aplicaci\u00f3 de l&#8217;article 155 ha tingut per al Conselh Generau d&#8217;Aran, a hores d&#8217;ara significa la p\u00e8rdua d&#8217;interlocuci\u00f3 pol\u00edtica per a possibilitar el desplegament de la Llei d&#8217;Aran i l\u2019assoliment de compet\u00e8ncies i un major autogovern, demanda hist\u00f2rica del Conselh Generau d\u2019Aran. Amb la convocat\u00f2ria d&#8217;eleccions auton\u00f2miques per al 21 de desembre sembla prudent esperar a la constituci\u00f3 del nou govern de la Generalitat per continuar amb les negociacions.<\/p>\n<p>Tamb\u00e9 s&#8217;ha evidenciat, que ara \u00e9s el moment de formalitzar un acord institucional de pa\u00eds, que ha de marcar l&#8217;objectiu d&#8217;avan\u00e7ar en el desenvolupament de la Llei d&#8217;Aran i tamb\u00e9 estar molt atents a una possible reforma de la Constituci\u00f3 Espanyola, com l&#8217;oportunitat clau per aconseguir un nou reconeixement constitucional de la singularitat de la Val d&#8217;Aran.<\/p>\n<p>A la reuni\u00f3 de la comissi\u00f3 d&#8217;afers institucionals, tamb\u00e9 s&#8217;ha fet un reconeixement al Parlament de Catalunya en agra\u00efment a l&#8217;aprovaci\u00f3 i tramitaci\u00f3 de la Llei del r\u00e8gim especial d&#8217;Aran del 5 de febrer de 2015. Per aix\u00f2 tamb\u00e9 cal avan\u00e7ar en aquests mecanismes de relaci\u00f3, aix\u00ed i nom\u00e9s aix\u00ed, es podr\u00e0 garantir el desplegament de la nostra llei.<\/p>\n<p><a href=\"http:\/\/www.conselharan.org\/wp-content\/uploads\/2017\/10\/file-2-1.jpeg\"><img loading=\"lazy\" decoding=\"async\" class=\"aligncenter size-large wp-image-19607\" src=\"http:\/\/www.conselharan.org\/wp-content\/uploads\/2017\/10\/file-2-1-1024x768.jpeg\" alt=\"\" width=\"1024\" height=\"768\" srcset=\"https:\/\/www.conselharan.org\/wp-content\/uploads\/2017\/10\/file-2-1-1024x768.jpeg 1024w, https:\/\/www.conselharan.org\/wp-content\/uploads\/2017\/10\/file-2-1-300x225.jpeg 300w, https:\/\/www.conselharan.org\/wp-content\/uploads\/2017\/10\/file-2-1-768x576.jpeg 768w\" sizes=\"(max-width: 1024px) 100vw, 1024px\" \/><\/a><\/p>\n ","protected":false},"excerpt":{"rendered":"<p>Avui s&#8217;ha reunit de forma urgent i extraordin\u00e0ria la Comissi\u00f3 d&#8217;Afers institucionals formada pels portaveus dels tres grups pol\u00edtics amb representaci\u00f3 al Conselh Generau d&#8217;Aran on s&#8217;ha acordat convocar un ple extraordinari per al dia 2 de novembre a les 9:30 hores on es discutir\u00e0 l&#8217;aprovaci\u00f3 d\u2019un acord institucional que despr\u00e9s ser\u00e0 sotm\u00e8s als plens&#8230;<\/p>\n","protected":false},"author":2,"featured_media":19606,"comment_status":"closed","ping_status":"closed","sticky":false,"template":"","format":"standard","meta":{"footnotes":""},"categories":[53,36],"tags":[],"_links":{"self":[{"href":"https:\/\/www.conselharan.org\/ca\/wp-json\/wp\/v2\/posts\/19610"}],"collection":[{"href":"https:\/\/www.conselharan.org\/ca\/wp-json\/wp\/v2\/posts"}],"about":[{"href":"https:\/\/www.conselharan.org\/ca\/wp-json\/wp\/v2\/types\/post"}],"author":[{"embeddable":true,"href":"https:\/\/www.conselharan.org\/ca\/wp-json\/wp\/v2\/users\/2"}],"replies":[{"embeddable":true,"href":"https:\/\/www.conselharan.org\/ca\/wp-json\/wp\/v2\/comments?post=19610"}],"version-history":[{"count":1,"href":"https:\/\/www.conselharan.org\/ca\/wp-json\/wp\/v2\/posts\/19610\/revisions"}],"predecessor-version":[{"id":19611,"href":"https:\/\/www.conselharan.org\/ca\/wp-json\/wp\/v2\/posts\/19610\/revisions\/19611"}],"wp:featuredmedia":[{"embeddable":true,"href":"https:\/\/www.conselharan.org\/ca\/wp-json\/wp\/v2\/media\/19606"}],"wp:attachment":[{"href":"https:\/\/www.conselharan.org\/ca\/wp-json\/wp\/v2\/media?parent=19610"}],"wp:term":[{"taxonomy":"category","embeddable":true,"href":"https:\/\/www.conselharan.org\/ca\/wp-json\/wp\/v2\/categories?post=19610"},{"taxonomy":"post_tag","embeddable":true,"href":"https:\/\/www.conselharan.org\/ca\/wp-json\/wp\/v2\/tags?post=19610"}],"curies":[{"name":"wp","href":"https:\/\/api.w.org\/{rel}","templated":true}]}}