{"id":19621,"date":"2017-10-31T13:34:27","date_gmt":"2017-10-31T12:34:27","guid":{"rendered":"http:\/\/www.conselharan.org\/?p=19621"},"modified":"2017-10-31T14:10:20","modified_gmt":"2017-10-31T13:10:20","slug":"comencen-les-competicions-de-piscina-pel-vielha-swim-team","status":"publish","type":"post","link":"https:\/\/www.conselharan.org\/ca\/comencen-les-competicions-de-piscina-pel-vielha-swim-team\/","title":{"rendered":"Comencen les competicions de piscina pel Vielha Swim Team"},"content":{"rendered":"<p><a href=\"http:\/\/www.conselharan.org\/comencen-es-competicions-de-piscina-tath-vielha-swim-team\/image1-2\/\" rel=\"attachment wp-att-19616\"><img loading=\"lazy\" decoding=\"async\" class=\"aligncenter size-large wp-image-19616\" src=\"http:\/\/www.conselharan.org\/wp-content\/uploads\/2017\/10\/image1-1024x768.jpeg\" alt=\"\" width=\"1024\" height=\"768\" srcset=\"https:\/\/www.conselharan.org\/wp-content\/uploads\/2017\/10\/image1-1024x768.jpeg 1024w, https:\/\/www.conselharan.org\/wp-content\/uploads\/2017\/10\/image1-300x225.jpeg 300w, https:\/\/www.conselharan.org\/wp-content\/uploads\/2017\/10\/image1-768x576.jpeg 768w\" sizes=\"(max-width: 1024px) 100vw, 1024px\" \/><\/a><\/p>\n<p>&nbsp;<\/p>\n<p>El passat dissabte, 28 d&#8217;octubre,12 nedadors del <strong>Vielha Swim Team<\/strong> es van estrenar en la temporada de competicions de piscina de la Federaci\u00f3 Catalana de Nataci\u00f3 que va tenir lloc a Mollerussa.<\/p>\n<p>&nbsp;<\/p>\n<p><a href=\"http:\/\/www.conselharan.org\/comencen-es-competicions-de-piscina-tath-vielha-swim-team\/image2\/\" rel=\"attachment wp-att-19617\"><img loading=\"lazy\" decoding=\"async\" class=\"aligncenter size-large wp-image-19617\" src=\"http:\/\/www.conselharan.org\/wp-content\/uploads\/2017\/10\/image2-1024x768.jpeg\" alt=\"\" width=\"1024\" height=\"768\" srcset=\"https:\/\/www.conselharan.org\/wp-content\/uploads\/2017\/10\/image2-1024x768.jpeg 1024w, https:\/\/www.conselharan.org\/wp-content\/uploads\/2017\/10\/image2-300x225.jpeg 300w, https:\/\/www.conselharan.org\/wp-content\/uploads\/2017\/10\/image2-768x576.jpeg 768w\" sizes=\"(max-width: 1024px) 100vw, 1024px\" \/><\/a><\/p>\n<p>&nbsp;<\/p>\n<p>Per una banda, els Prebenjamins <strong>Aner Serrano, Biel Gonz\u00e1lez, \u00c8lia Boya, Eric Barbeitos, Laura Paules <\/strong>i<strong> Ma Aran Morell<\/strong> van participar en la 1a Jornada de la Lliga per Equips Prebenjamina.<\/p>\n<p>I per altra banda, els Benjamins <strong>Alba Barbeitos, Alexandra Torres, Ari Boya, Berta Ari\u00f1o, Bertrand Sirat <\/strong>i<strong> Jana Nus<\/strong> van prendre part en la 1a Jornada de Lliga Benjamina.<\/p>\n<p>&nbsp;<\/p>\n<p><a href=\"http:\/\/www.conselharan.org\/comencen-es-competicions-de-piscina-tath-vielha-swim-team\/image3\/\" rel=\"attachment wp-att-19618\"><img loading=\"lazy\" decoding=\"async\" class=\"aligncenter size-full wp-image-19618\" src=\"http:\/\/www.conselharan.org\/wp-content\/uploads\/2017\/10\/image3.jpeg\" alt=\"\" width=\"616\" height=\"483\" srcset=\"https:\/\/www.conselharan.org\/wp-content\/uploads\/2017\/10\/image3.jpeg 616w, https:\/\/www.conselharan.org\/wp-content\/uploads\/2017\/10\/image3-300x235.jpeg 300w\" sizes=\"(max-width: 616px) 100vw, 616px\" \/><\/a><\/p>\n<p>&nbsp;<\/p>\n<p>El calendari del VIST segueix aquest novembre amb la Cursa del Conselh Esportiu el proper dissabte 11 a Vielha, la Jornada Alevina del dissabte 18 a T\u00e0rrega, i la Lliga per Equips i 2a Jornada Benjamina a l\u2019INEF de Lleida.<\/p>\n<p>&nbsp;<\/p>\n<p>&nbsp;<\/p>\n<p>&nbsp;<\/p>\n<p>&nbsp;<\/p>\n<p>&nbsp;<\/p>\n<p>Vielha, 31 d\u2019octubre de 2017<\/p>\n<p>&nbsp;<\/p>\n<p><em>Conselh Generau d&#8217;Aran: N\u00faria Sanjuan<\/em><\/p>\n<p><em>Font i Fotos: Vielha Swim Team<\/em><\/p>\n ","protected":false},"excerpt":{"rendered":"<p>&nbsp; El passat dissabte, 28 d&#8217;octubre,12 nedadors del Vielha Swim Team es van estrenar en la temporada de competicions de piscina de la Federaci\u00f3 Catalana de Nataci\u00f3 que va tenir lloc a Mollerussa. &nbsp; &nbsp; Per una banda, els Prebenjamins Aner Serrano, Biel Gonz\u00e1lez, \u00c8lia Boya, Eric Barbeitos, Laura Paules i Ma Aran Morell van&#8230;<\/p>\n","protected":false},"author":2,"featured_media":19618,"comment_status":"closed","ping_status":"closed","sticky":false,"template":"","format":"standard","meta":{"footnotes":""},"categories":[136],"tags":[],"_links":{"self":[{"href":"https:\/\/www.conselharan.org\/ca\/wp-json\/wp\/v2\/posts\/19621"}],"collection":[{"href":"https:\/\/www.conselharan.org\/ca\/wp-json\/wp\/v2\/posts"}],"about":[{"href":"https:\/\/www.conselharan.org\/ca\/wp-json\/wp\/v2\/types\/post"}],"author":[{"embeddable":true,"href":"https:\/\/www.conselharan.org\/ca\/wp-json\/wp\/v2\/users\/2"}],"replies":[{"embeddable":true,"href":"https:\/\/www.conselharan.org\/ca\/wp-json\/wp\/v2\/comments?post=19621"}],"version-history":[{"count":2,"href":"https:\/\/www.conselharan.org\/ca\/wp-json\/wp\/v2\/posts\/19621\/revisions"}],"predecessor-version":[{"id":19625,"href":"https:\/\/www.conselharan.org\/ca\/wp-json\/wp\/v2\/posts\/19621\/revisions\/19625"}],"wp:featuredmedia":[{"embeddable":true,"href":"https:\/\/www.conselharan.org\/ca\/wp-json\/wp\/v2\/media\/19618"}],"wp:attachment":[{"href":"https:\/\/www.conselharan.org\/ca\/wp-json\/wp\/v2\/media?parent=19621"}],"wp:term":[{"taxonomy":"category","embeddable":true,"href":"https:\/\/www.conselharan.org\/ca\/wp-json\/wp\/v2\/categories?post=19621"},{"taxonomy":"post_tag","embeddable":true,"href":"https:\/\/www.conselharan.org\/ca\/wp-json\/wp\/v2\/tags?post=19621"}],"curies":[{"name":"wp","href":"https:\/\/api.w.org\/{rel}","templated":true}]}}