{"id":19633,"date":"2017-11-02T11:02:49","date_gmt":"2017-11-02T10:02:49","guid":{"rendered":"http:\/\/www.conselharan.org\/?p=19633"},"modified":"2017-11-02T11:02:49","modified_gmt":"2017-11-02T10:02:49","slug":"declaracio-institucional-del-conselh-generau-daran","status":"publish","type":"post","link":"https:\/\/www.conselharan.org\/ca\/declaracio-institucional-del-conselh-generau-daran\/","title":{"rendered":"DECLARACI\u00d3 INSTITUCIONAL DEL CONSELH GENERAU D\u2019ARAN"},"content":{"rendered":"<p><a href=\"http:\/\/www.conselharan.org\/declaracion-institucionau-deth-conselh-generau-daran\/file-2-5\/\" rel=\"attachment wp-att-19630\"><img loading=\"lazy\" decoding=\"async\" class=\"aligncenter size-large wp-image-19630\" src=\"http:\/\/www.conselharan.org\/wp-content\/uploads\/2017\/11\/file-2-1024x768.jpeg\" alt=\"\" width=\"1024\" height=\"768\" srcset=\"https:\/\/www.conselharan.org\/wp-content\/uploads\/2017\/11\/file-2-1024x768.jpeg 1024w, https:\/\/www.conselharan.org\/wp-content\/uploads\/2017\/11\/file-2-300x225.jpeg 300w, https:\/\/www.conselharan.org\/wp-content\/uploads\/2017\/11\/file-2-768x576.jpeg 768w\" sizes=\"(max-width: 1024px) 100vw, 1024px\" \/><\/a><\/p>\n<p>&nbsp;<\/p>\n<p>Vivim una forta crisi democr\u00e0tica. Les institucions catalanes i espanyoles estan confrontades per un conflicte jur\u00eddic i de legitimitats provocat per la manca de voluntat pol\u00edtica per a la negociaci\u00f3, fet que ha provocat la declaraci\u00f3 unilateral de la Rep\u00fablica Catalana i, com a reacci\u00f3 de l\u2019Estat, l\u2019aplicaci\u00f3 de l\u2019article 155 de la Constituci\u00f3 Espanyola de 1978, generant -se una situaci\u00f3 indesitjable i extraordin\u00e0ria.<\/p>\n<p>Les incerteses que ha generat aquesta situaci\u00f3 en les darreres setmanes ha afectat a \u00e0mbits de car\u00e0cter social, econ\u00f2mic i pol\u00edtic, generant intranquil\u2022litat i molta preocupaci\u00f3 als ciutadans del nostre pa\u00eds.<\/p>\n<p>Davant d\u2019aquesta greu situaci\u00f3 els conselh\u00e8rs del Conselh Generau d\u2019Aran, amb el s\u00edndic al capdavant, volen prendre aquest acord institucional, en tot instar a totes les formacions pol\u00edtiques, i a les institucions espanyoles i catalanes la necessitat d\u2019exercir el di\u00e0leg com a instrument de l\u2019acci\u00f3 pol\u00edtica, evitant totes aquelles actuacions que impliquen la crispaci\u00f3 i vulneraci\u00f3 de drets, i fer una crida a la societat de mantenir la conviv\u00e8ncia i el respecte a la pluralitat d\u2019idees i sentiments.<\/p>\n<p>L\u2019Estat ha convocat unes noves eleccions al Parlament de Catalunya. Al mateix temps, est\u00e0 oberta en el Congreso de los Diputados de las Cortes Espa\u00f1olas una comissi\u00f3 espec\u00edfica que t\u00e9 com objectiu la modificaci\u00f3 de la Constituci\u00f3, que va n\u00e9ixer fa 39 anys amb el pacte constitucional, per a proposar la seva reforma.<\/p>\n<p>El conjunt de les forces pol\u00edtiques representades al Ple del Conselh Generau d\u2019Aran considerem que cal reafirmar el nostre comprom\u00eds amb les institucions i amb l\u2019 autogovern d\u2019Aran.<\/p>\n<p>Aran \u00e9s definit en el pre\u00e0mbul de la Lei 1\/2015, de 5 de febrer, de R\u00e8gim Especial de la Val d\u2019Aran, com a una realitat nacional amb personalitat pr\u00f2pia i diferenciada, fonamentada en el fet que la comunitat aranesa disposa de llengua i de cultura pr\u00f2pia, i d\u2019una tradici\u00f3 de govern defensada pels aranesos al llarg del temps. Aix\u00ed mateix, el cap\u00edtol VII de l\u2019Estatut de Catalunya, en l\u2019article 94.1, diu:<\/p>\n<p><em>\u201cAran disposa d\u2019un r\u00e8gim jur\u00eddic especial establert per la Llei del Parlament. Per mitj\u00e0 d\u2019aquest r\u00e8gim es reconeix l\u2019especificitat de l\u2019organitzaci\u00f3 institucional i administrativa d\u2019Aran i se\u2019n garanteix l\u2019autonomia per a ordenar i gestionar els assumptes p\u00fablics del seu territori<\/em>\u201d.<\/p>\n<p>En aquest sentit hem d\u2019afirmar que els progressos fets amb l\u2019Estatut de Catalunya de 2006 van ser molt importants, permetent el desenvolupament d\u2019una nova Lei d\u2019Aran, 1\/2015, i de la Lei der Occitan, aran\u00e9s en Aran, 35\/2010.<\/p>\n<p>Per tot aix\u00f2, el Ple del Conselh Generau d\u2019Aran vol evidenciar els aven\u00e7os fets en aquests darrers anys pel que fa al reconeixement institucional del nostre Pa\u00eds i del seu marc competencial, duts a terme per la Generalitat de Catalunya. Si b\u00e9 \u00e9s cert que tamb\u00e9 expressem la dificultat que la Val d\u2019Aran sempre ha tingut per a desplegar aquests marc legislatius.<\/p>\n<p>Per tot aix\u00f2, el Plen del Conselh Generau d\u2019Aran declara que:<\/p>\n<p>1) Davant d\u2019aquesta complexa situaci\u00f3 pol\u00edtica volem reafirmar el nostre comprom\u00eds amb la defensa de les nostres Institucions i del nostre autogovern.<\/p>\n<p>2) En aquest context de debat pol\u00edtic sobre els nous \u00e0mbits constitucionals i estatutaris, volem demanar, de forma contundent, el compliment dels marcs legislatius que ens emparen, i afirmar la nostra profunda voluntat de treballar a favor de la millora i l\u2019enfortiment de les nostres institucions, explorant totes les vies possibles que ens permetin avan\u00e7ar en el desplegament del nostre actual estatut d\u2019autogovern, com la manera m\u00e9s efica\u00e7 per a poder continuar servint a la ciutadania, protegint els fonaments de la nostra realitat; la nostra llengua, la nostra cultura i la nostra identitat, fonaments que compartim tots els ve\u00efns i ve\u00efnes de Aran.<\/p>\n<p>3) Instem al S\u00edndic d\u2019Aran i als grups politics que conformen el Plen del Conselh Generau d\u2019Aran a realitzar totes aquelles gestions davant les institucions catalanes, aix\u00ed com a la Comissi\u00f3 Territorial del Congreso de los Diputados, per a buscar un reconeixement constitucional que permeti noves fites pel nostre estatut singular d\u2019autogovern.<\/p>\n<p>&nbsp;<\/p>\n<p>&nbsp;<\/p>\n<p>Aran, 2 de novembre de 2017<\/p>\n ","protected":false},"excerpt":{"rendered":"<p>&nbsp; Vivim una forta crisi democr\u00e0tica. Les institucions catalanes i espanyoles estan confrontades per un conflicte jur\u00eddic i de legitimitats provocat per la manca de voluntat pol\u00edtica per a la negociaci\u00f3, fet que ha provocat la declaraci\u00f3 unilateral de la Rep\u00fablica Catalana i, com a reacci\u00f3 de l\u2019Estat, l\u2019aplicaci\u00f3 de l\u2019article 155 de la Constituci\u00f3&#8230;<\/p>\n","protected":false},"author":2,"featured_media":19630,"comment_status":"closed","ping_status":"closed","sticky":false,"template":"","format":"standard","meta":{"footnotes":""},"categories":[53,36],"tags":[],"_links":{"self":[{"href":"https:\/\/www.conselharan.org\/ca\/wp-json\/wp\/v2\/posts\/19633"}],"collection":[{"href":"https:\/\/www.conselharan.org\/ca\/wp-json\/wp\/v2\/posts"}],"about":[{"href":"https:\/\/www.conselharan.org\/ca\/wp-json\/wp\/v2\/types\/post"}],"author":[{"embeddable":true,"href":"https:\/\/www.conselharan.org\/ca\/wp-json\/wp\/v2\/users\/2"}],"replies":[{"embeddable":true,"href":"https:\/\/www.conselharan.org\/ca\/wp-json\/wp\/v2\/comments?post=19633"}],"version-history":[{"count":1,"href":"https:\/\/www.conselharan.org\/ca\/wp-json\/wp\/v2\/posts\/19633\/revisions"}],"predecessor-version":[{"id":19634,"href":"https:\/\/www.conselharan.org\/ca\/wp-json\/wp\/v2\/posts\/19633\/revisions\/19634"}],"wp:featuredmedia":[{"embeddable":true,"href":"https:\/\/www.conselharan.org\/ca\/wp-json\/wp\/v2\/media\/19630"}],"wp:attachment":[{"href":"https:\/\/www.conselharan.org\/ca\/wp-json\/wp\/v2\/media?parent=19633"}],"wp:term":[{"taxonomy":"category","embeddable":true,"href":"https:\/\/www.conselharan.org\/ca\/wp-json\/wp\/v2\/categories?post=19633"},{"taxonomy":"post_tag","embeddable":true,"href":"https:\/\/www.conselharan.org\/ca\/wp-json\/wp\/v2\/tags?post=19633"}],"curies":[{"name":"wp","href":"https:\/\/api.w.org\/{rel}","templated":true}]}}