{"id":19684,"date":"2017-11-06T11:12:15","date_gmt":"2017-11-06T10:12:15","guid":{"rendered":"http:\/\/www.conselharan.org\/?p=19684"},"modified":"2017-11-06T11:12:15","modified_gmt":"2017-11-06T10:12:15","slug":"curs-formatiu-del-cei-val-daran-sobre-com-parlar-en-public","status":"publish","type":"post","link":"https:\/\/www.conselharan.org\/ca\/curs-formatiu-del-cei-val-daran-sobre-com-parlar-en-public\/","title":{"rendered":"Curs Formatiu del CEI Val d&#8217;Aran sobre &#8220;Com parlar en p\u00fablic&#8221;"},"content":{"rendered":"<p>Vielha, 3 de novembre de 2017.- Durant tot el mes d&#8217;octubre en sessions de tarda, al CEI Val d&#8217;Aran, s&#8217;ha impartit el curs de formaci\u00f3 sobre &#8220;Com parlar en p\u00fablic&#8221;, a c\u00e0rrec de la professora Marta Montserrat Aragon\u00e8s, advocada experta en Dret Mercantil, Dret Privat, Dret de Fam\u00edlia i Dret de les Dones, aix\u00ed com en Dret Laboral.<\/p>\n<p><a href=\"http:\/\/www.conselharan.org\/wp-content\/uploads\/2017\/11\/COM-PARLAR-EN-PUBLIC.jpeg\"><img loading=\"lazy\" decoding=\"async\" class=\"aligncenter size-large wp-image-19682\" src=\"http:\/\/www.conselharan.org\/wp-content\/uploads\/2017\/11\/COM-PARLAR-EN-PUBLIC-1024x768.jpeg\" alt=\"\" width=\"1024\" height=\"768\" srcset=\"https:\/\/www.conselharan.org\/wp-content\/uploads\/2017\/11\/COM-PARLAR-EN-PUBLIC-1024x768.jpeg 1024w, https:\/\/www.conselharan.org\/wp-content\/uploads\/2017\/11\/COM-PARLAR-EN-PUBLIC-300x225.jpeg 300w, https:\/\/www.conselharan.org\/wp-content\/uploads\/2017\/11\/COM-PARLAR-EN-PUBLIC-768x576.jpeg 768w\" sizes=\"(max-width: 1024px) 100vw, 1024px\" \/><\/a><\/p>\n<p>Els objectius del curs, que ha tingut una gran acceptaci\u00f3 entre els assistents, han estat refermar la import\u00e0ncia de l&#8217;\u00fas correcte de la llengua amb una estructura clara de missatge. Dominar la presentaci\u00f3 del contingut d&#8217;un discurs o comunicaci\u00f3 per sintonitzar amb el p\u00fablic receptor, a m\u00e9s de Identificar les caracter\u00edstiques dels actes comunicatius.<\/p>\n<p>Durant el curs, els assistents s&#8217;han format en mat\u00e8ries com l&#8217;estructura i elaboraci\u00f3 del discurs. Parlar en p\u00fablic, com v\u00e8ncer la por, i la import\u00e0ncia i caracter\u00edstiques de la comunicaci\u00f3 tant verbal com la comunicaci\u00f3 no verbal.<\/p>\n<p>El CEI Val d&#8217;Aran, ja t\u00e9 programades altres c\u00e0psules formatives durant el mes de novembre, referides a la prevenci\u00f3 de la morositat a trav\u00e9s dels pagaments per cr\u00e8dit i al desembre sobre eines i recursos per a la recerca de feina.<\/p>\n ","protected":false},"excerpt":{"rendered":"<p>Vielha, 3 de novembre de 2017.- Durant tot el mes d&#8217;octubre en sessions de tarda, al CEI Val d&#8217;Aran, s&#8217;ha impartit el curs de formaci\u00f3 sobre &#8220;Com parlar en p\u00fablic&#8221;, a c\u00e0rrec de la professora Marta Montserrat Aragon\u00e8s, advocada experta en Dret Mercantil, Dret Privat, Dret de Fam\u00edlia i Dret de les Dones, aix\u00ed com&#8230;<\/p>\n","protected":false},"author":2,"featured_media":19682,"comment_status":"closed","ping_status":"closed","sticky":false,"template":"","format":"standard","meta":{"footnotes":""},"categories":[33],"tags":[],"_links":{"self":[{"href":"https:\/\/www.conselharan.org\/ca\/wp-json\/wp\/v2\/posts\/19684"}],"collection":[{"href":"https:\/\/www.conselharan.org\/ca\/wp-json\/wp\/v2\/posts"}],"about":[{"href":"https:\/\/www.conselharan.org\/ca\/wp-json\/wp\/v2\/types\/post"}],"author":[{"embeddable":true,"href":"https:\/\/www.conselharan.org\/ca\/wp-json\/wp\/v2\/users\/2"}],"replies":[{"embeddable":true,"href":"https:\/\/www.conselharan.org\/ca\/wp-json\/wp\/v2\/comments?post=19684"}],"version-history":[{"count":1,"href":"https:\/\/www.conselharan.org\/ca\/wp-json\/wp\/v2\/posts\/19684\/revisions"}],"predecessor-version":[{"id":19685,"href":"https:\/\/www.conselharan.org\/ca\/wp-json\/wp\/v2\/posts\/19684\/revisions\/19685"}],"wp:featuredmedia":[{"embeddable":true,"href":"https:\/\/www.conselharan.org\/ca\/wp-json\/wp\/v2\/media\/19682"}],"wp:attachment":[{"href":"https:\/\/www.conselharan.org\/ca\/wp-json\/wp\/v2\/media?parent=19684"}],"wp:term":[{"taxonomy":"category","embeddable":true,"href":"https:\/\/www.conselharan.org\/ca\/wp-json\/wp\/v2\/categories?post=19684"},{"taxonomy":"post_tag","embeddable":true,"href":"https:\/\/www.conselharan.org\/ca\/wp-json\/wp\/v2\/tags?post=19684"}],"curies":[{"name":"wp","href":"https:\/\/api.w.org\/{rel}","templated":true}]}}