{"id":19693,"date":"2017-11-06T19:20:39","date_gmt":"2017-11-06T18:20:39","guid":{"rendered":"http:\/\/www.conselharan.org\/eth-plen-aprove-ua-modificacion-de-credit-entara-residencia-deth-baish-aran-e-era-melhora-dacces-a-espacis-naturaus\/"},"modified":"2017-11-06T19:22:23","modified_gmt":"2017-11-06T18:22:23","slug":"eth-plen-aprove-ua-modificacion-de-credit-entara-residencia-deth-baish-aran-e-era-melhora-dacces-a-espacis-naturaus","status":"publish","type":"post","link":"https:\/\/www.conselharan.org\/ca\/eth-plen-aprove-ua-modificacion-de-credit-entara-residencia-deth-baish-aran-e-era-melhora-dacces-a-espacis-naturaus\/","title":{"rendered":"El Ple aprova una modificaci\u00f3 de cr\u00e8dit per la residencia del Baish Aran i la millora d\u2019acc\u00e9s a espais naturals"},"content":{"rendered":"<p>Vielha, 6 de novembre de 2017.- El Ple del Conselh Generau d\u2019Aran ha aprovat avui una modificaci\u00f3 de cr\u00e8dit que ha de permetre la construcci\u00f3 de la resid\u00e8ncia de gran del Baish Aran.<\/p>\n<p><a href=\"http:\/\/www.conselharan.org\/wp-content\/uploads\/2017\/11\/IMG_4031.jpg\"><img loading=\"lazy\" decoding=\"async\" class=\"aligncenter size-large wp-image-19690\" src=\"http:\/\/www.conselharan.org\/wp-content\/uploads\/2017\/11\/IMG_4031-1024x768.jpg\" alt=\"\" width=\"1024\" height=\"768\" srcset=\"https:\/\/www.conselharan.org\/wp-content\/uploads\/2017\/11\/IMG_4031-1024x768.jpg 1024w, https:\/\/www.conselharan.org\/wp-content\/uploads\/2017\/11\/IMG_4031-300x225.jpg 300w, https:\/\/www.conselharan.org\/wp-content\/uploads\/2017\/11\/IMG_4031-768x576.jpg 768w\" sizes=\"(max-width: 1024px) 100vw, 1024px\" \/><\/a><\/p>\n<p>En aquesta modificaci\u00f3 de cr\u00e8dit s\u2019ha previst el finan\u00e7ament per la millora d\u2019accessos a espais naturals de la Val d\u2019Aran i la millora de l\u2019acc\u00e9s a Mont i Montcorbau.<\/p>\n<p>En el cas de la construcci\u00f3 de la resid\u00e8ncia geri\u00e0trica per a la gent gran del Baish Aran, el Conselh Generau d\u2019Aran ha destinat 2 milions d\u2019euros del romanent de tresoreria.<\/p>\n<p>El sindic d\u2019Aran,<strong> Carlos Barrera<\/strong>, ha explicat que les obres de construcci\u00f3 de la nova resid\u00e8ncia de gent gran del Baish Aran es licitaran sense demora per tal de garantir que l\u2019obra es pugui executar durant l\u2019any 2018 \u00a0i la residencia entri en funcionament al gener del 2019.<\/p>\n<p>Tamb\u00e9 es destinar\u00e0 1.200.000 \u20ac a la millora de l\u2019acc\u00e9s a espais naturals. Aquesta inversi\u00f3 te un retorn d\u2019un 40% pertanyent a fons europeus FEDER, i el comprom\u00eds de la Diputaci\u00f3 de Lleida de complementar-la a mb un 25%, el que significar\u00e0 una inversi\u00f3 directa per part del Conselh Generau d\u2019Aran d\u2019un 40% de la inversi\u00f3.<\/p>\n<p>En quan a la millora dels acc\u00e9s al pobles de Mont i Montcorbau es destinar\u00e0 una partida \u00a0163.000 \u20ac.<\/p>\n<p><iframe loading=\"lazy\" src=\"https:\/\/www.youtube.com\/embed\/F49z-6vog9s\" width=\"560\" height=\"315\" frameborder=\"0\" allowfullscreen=\"allowfullscreen\"><\/iframe><\/p>\n<p>El ple tamb\u00e9 ha aprovat avui poder adjudicar definitivament a la Fundaci\u00f3 Pere Tarr\u00e9s, el contracte arrendament per al funcionament de l\u2019alberg \u201cEra Garona\u201d de Salard\u00fa, un cop el Conselh Generau ha aportat tots els certificats i ha realitzat les millores necess\u00e0ries en aquest equipament. Aquesta setmana es signar\u00e0 el contracte d\u2019arrendament i \u00e9s previst que el nou gestor comenci a funcionar abans del dia 24 de novembre.<\/p>\n<p>Finalment, el Ple d\u2019avui tamb\u00e9 ha aprovat la modificaci\u00f3 de l\u2019ordenan\u00e7a reguladora de la taxa de recollida d\u2019escombraries, amb una pujada lineal del 2\u20195%, motivada per l\u2019augment del cost d\u2019abocament, cal recordar que el residu de la Val d\u2019Aran es gestiona a l\u2019abocador de F\u00edgols de Tremp.<\/p>\n<p>El s\u00edndic d\u2019Aran, Carlos Barrera, ha assenyalat que en els pr\u00f2xims anys els costos d\u2019abocador continuaran patint un increment i que la \u00fanica forma de compensar aquest increment de costos \u00e9s amb un esfor\u00e7 de la ciutadania per millorar i optimitzar la recollida selectiva.<\/p>\n<p><iframe loading=\"lazy\" src=\"https:\/\/www.youtube.com\/embed\/Egkh40Rznm8\" width=\"560\" height=\"315\" frameborder=\"0\" allowfullscreen=\"allowfullscreen\"><\/iframe><\/p>\n ","protected":false},"excerpt":{"rendered":"<p>Vielha, 6 de novembre de 2017.- El Ple del Conselh Generau d\u2019Aran ha aprovat avui una modificaci\u00f3 de cr\u00e8dit que ha de permetre la construcci\u00f3 de la resid\u00e8ncia de gran del Baish Aran. En aquesta modificaci\u00f3 de cr\u00e8dit s\u2019ha previst el finan\u00e7ament per la millora d\u2019accessos a espais naturals de la Val d\u2019Aran i la&#8230;<\/p>\n","protected":false},"author":2,"featured_media":19690,"comment_status":"closed","ping_status":"closed","sticky":false,"template":"","format":"standard","meta":{"footnotes":""},"categories":[53,36],"tags":[],"_links":{"self":[{"href":"https:\/\/www.conselharan.org\/ca\/wp-json\/wp\/v2\/posts\/19693"}],"collection":[{"href":"https:\/\/www.conselharan.org\/ca\/wp-json\/wp\/v2\/posts"}],"about":[{"href":"https:\/\/www.conselharan.org\/ca\/wp-json\/wp\/v2\/types\/post"}],"author":[{"embeddable":true,"href":"https:\/\/www.conselharan.org\/ca\/wp-json\/wp\/v2\/users\/2"}],"replies":[{"embeddable":true,"href":"https:\/\/www.conselharan.org\/ca\/wp-json\/wp\/v2\/comments?post=19693"}],"version-history":[{"count":2,"href":"https:\/\/www.conselharan.org\/ca\/wp-json\/wp\/v2\/posts\/19693\/revisions"}],"predecessor-version":[{"id":19695,"href":"https:\/\/www.conselharan.org\/ca\/wp-json\/wp\/v2\/posts\/19693\/revisions\/19695"}],"wp:featuredmedia":[{"embeddable":true,"href":"https:\/\/www.conselharan.org\/ca\/wp-json\/wp\/v2\/media\/19690"}],"wp:attachment":[{"href":"https:\/\/www.conselharan.org\/ca\/wp-json\/wp\/v2\/media?parent=19693"}],"wp:term":[{"taxonomy":"category","embeddable":true,"href":"https:\/\/www.conselharan.org\/ca\/wp-json\/wp\/v2\/categories?post=19693"},{"taxonomy":"post_tag","embeddable":true,"href":"https:\/\/www.conselharan.org\/ca\/wp-json\/wp\/v2\/tags?post=19693"}],"curies":[{"name":"wp","href":"https:\/\/api.w.org\/{rel}","templated":true}]}}