{"id":19747,"date":"2017-11-10T13:04:22","date_gmt":"2017-11-10T12:04:22","guid":{"rendered":"http:\/\/www.conselharan.org\/comencen-es-obres-de-reubicacion-des-servicis-administratius-der-espitau-dera-val-daran\/"},"modified":"2017-11-10T13:13:34","modified_gmt":"2017-11-10T12:13:34","slug":"comencen-es-obres-de-reubicacion-des-servicis-administratius-der-espitau-dera-val-daran","status":"publish","type":"post","link":"https:\/\/www.conselharan.org\/ca\/comencen-es-obres-de-reubicacion-des-servicis-administratius-der-espitau-dera-val-daran\/","title":{"rendered":"Comencen les obres de reubicaci\u00f3 dels serveis administratius de l\u2019Hospital de la Val d\u2019Aran"},"content":{"rendered":"<p>Vielha, 10 de novembre de 2017.- El s\u00edndic d\u2019Aran <strong>Carlos Barrera<\/strong>, acompanyat per <strong>M\u00aa Angels<\/strong> <strong>Borr\u00e0s<\/strong>, directora del SABS (Servei Aran\u00e8s de Benestar i Salut), ha visitat les obres de reubicaci\u00f3 dels serveis administratius de l\u2019Hospital de la Val d\u2019Aran que s\u2019ubicaran en uns locals d\u2019un edifici adjacent al mateix hospital que van ser adquirits pel Conselh Generau d\u2019Aran.<\/p>\n<p><a href=\"http:\/\/www.conselharan.org\/wp-content\/uploads\/2017\/11\/IMG_4060.jpg\"><img loading=\"lazy\" decoding=\"async\" class=\"aligncenter size-large wp-image-19739\" src=\"http:\/\/www.conselharan.org\/wp-content\/uploads\/2017\/11\/IMG_4060-1024x768.jpg\" alt=\"\" width=\"1024\" height=\"768\" srcset=\"https:\/\/www.conselharan.org\/wp-content\/uploads\/2017\/11\/IMG_4060-1024x768.jpg 1024w, https:\/\/www.conselharan.org\/wp-content\/uploads\/2017\/11\/IMG_4060-300x225.jpg 300w, https:\/\/www.conselharan.org\/wp-content\/uploads\/2017\/11\/IMG_4060-768x576.jpg 768w\" sizes=\"(max-width: 1024px) 100vw, 1024px\" \/><\/a><\/p>\n<p>Els serveis administratius i de direcci\u00f3 de l\u2019hospital ocuparan un local de dues plantes amb un total de 287m, en les que s\u2019hi instal\u00b7laran els despatxos dels serveis administratius i de direcci\u00f3 de l\u2019hospital i del servei aran\u00e8s de Benestar i Salut, 3 sales de reunions multiusos i l\u2019arxiu de l\u2019hospital.<\/p>\n<p>El Gov\u00e8rn d\u2019Aran destina un pressupost de 123.953 \u20ac a la reforma interior de les noves instal\u00b7lacions.<\/p>\n<p><iframe loading=\"lazy\" src=\"https:\/\/www.youtube.com\/embed\/DBF7jeNp4IE\" width=\"560\" height=\"315\" frameborder=\"0\" allowfullscreen=\"allowfullscreen\"><\/iframe><\/p>\n<p>Els espais alliberats a l\u2019Hospital haurien de permetre iniciar les seg\u00fcents fases de reforma de l\u2019Hospital de la Val d\u2019Aran, consistents en el trasllat del laboratori i la reforma del bloc quir\u00fargic i obst\u00e8tric amb la construcci\u00f3 de dos nous quir\u00f2fans en l\u2019actual edifici de l\u2019hospital, tot i que segons el s\u00edndic d\u2019Aran, Carlos Barrera, tot dependr\u00e0 de com evolucioni l\u2019actual situaci\u00f3 pol\u00edtica a Catalunya i la del Govern de la Generalitat de Catalunya.<\/p>\n<p>\u00c9s previst que aquestes obres que realitza l\u2019empresa aranesa Barba S.L., estiguin acabades a final d\u2019any perqu\u00e8 els nous espais puguin entrar en funcionament el mes de gener de l\u2019any 2018.<\/p>\n<p><a href=\"http:\/\/www.conselharan.org\/wp-content\/uploads\/2017\/11\/IMG_4103.jpg\"><img loading=\"lazy\" decoding=\"async\" class=\"aligncenter size-large wp-image-19741\" src=\"http:\/\/www.conselharan.org\/wp-content\/uploads\/2017\/11\/IMG_4103-1024x768.jpg\" alt=\"\" width=\"1024\" height=\"768\" srcset=\"https:\/\/www.conselharan.org\/wp-content\/uploads\/2017\/11\/IMG_4103-1024x768.jpg 1024w, https:\/\/www.conselharan.org\/wp-content\/uploads\/2017\/11\/IMG_4103-300x225.jpg 300w, https:\/\/www.conselharan.org\/wp-content\/uploads\/2017\/11\/IMG_4103-768x576.jpg 768w\" sizes=\"(max-width: 1024px) 100vw, 1024px\" \/><\/a> <a href=\"http:\/\/www.conselharan.org\/wp-content\/uploads\/2017\/11\/IMG_4126.jpg\"><img loading=\"lazy\" decoding=\"async\" class=\"aligncenter size-large wp-image-19738\" src=\"http:\/\/www.conselharan.org\/wp-content\/uploads\/2017\/11\/IMG_4126-1024x768.jpg\" alt=\"\" width=\"1024\" height=\"768\" srcset=\"https:\/\/www.conselharan.org\/wp-content\/uploads\/2017\/11\/IMG_4126-1024x768.jpg 1024w, https:\/\/www.conselharan.org\/wp-content\/uploads\/2017\/11\/IMG_4126-300x225.jpg 300w, https:\/\/www.conselharan.org\/wp-content\/uploads\/2017\/11\/IMG_4126-768x576.jpg 768w\" sizes=\"(max-width: 1024px) 100vw, 1024px\" \/><\/a> <a href=\"http:\/\/www.conselharan.org\/wp-content\/uploads\/2017\/11\/IMG_4072.jpg\"><img loading=\"lazy\" decoding=\"async\" class=\"aligncenter size-large wp-image-19740\" src=\"http:\/\/www.conselharan.org\/wp-content\/uploads\/2017\/11\/IMG_4072-1024x768.jpg\" alt=\"\" width=\"1024\" height=\"768\" srcset=\"https:\/\/www.conselharan.org\/wp-content\/uploads\/2017\/11\/IMG_4072-1024x768.jpg 1024w, https:\/\/www.conselharan.org\/wp-content\/uploads\/2017\/11\/IMG_4072-300x225.jpg 300w, https:\/\/www.conselharan.org\/wp-content\/uploads\/2017\/11\/IMG_4072-768x576.jpg 768w\" sizes=\"(max-width: 1024px) 100vw, 1024px\" \/><\/a> <a href=\"http:\/\/www.conselharan.org\/wp-content\/uploads\/2017\/11\/IMG_4110.jpg\"><img loading=\"lazy\" decoding=\"async\" class=\"aligncenter size-large wp-image-19742\" src=\"http:\/\/www.conselharan.org\/wp-content\/uploads\/2017\/11\/IMG_4110-1024x768.jpg\" alt=\"\" width=\"1024\" height=\"768\" srcset=\"https:\/\/www.conselharan.org\/wp-content\/uploads\/2017\/11\/IMG_4110-1024x768.jpg 1024w, https:\/\/www.conselharan.org\/wp-content\/uploads\/2017\/11\/IMG_4110-300x225.jpg 300w, https:\/\/www.conselharan.org\/wp-content\/uploads\/2017\/11\/IMG_4110-768x576.jpg 768w\" sizes=\"(max-width: 1024px) 100vw, 1024px\" \/><\/a><\/p>\n ","protected":false},"excerpt":{"rendered":"<p>Vielha, 10 de novembre de 2017.- El s\u00edndic d\u2019Aran Carlos Barrera, acompanyat per M\u00aa Angels Borr\u00e0s, directora del SABS (Servei Aran\u00e8s de Benestar i Salut), ha visitat les obres de reubicaci\u00f3 dels serveis administratius de l\u2019Hospital de la Val d\u2019Aran que s\u2019ubicaran en uns locals d\u2019un edifici adjacent al mateix hospital que van ser adquirits&#8230;<\/p>\n","protected":false},"author":2,"featured_media":19739,"comment_status":"closed","ping_status":"closed","sticky":false,"template":"","format":"standard","meta":{"footnotes":""},"categories":[53],"tags":[],"_links":{"self":[{"href":"https:\/\/www.conselharan.org\/ca\/wp-json\/wp\/v2\/posts\/19747"}],"collection":[{"href":"https:\/\/www.conselharan.org\/ca\/wp-json\/wp\/v2\/posts"}],"about":[{"href":"https:\/\/www.conselharan.org\/ca\/wp-json\/wp\/v2\/types\/post"}],"author":[{"embeddable":true,"href":"https:\/\/www.conselharan.org\/ca\/wp-json\/wp\/v2\/users\/2"}],"replies":[{"embeddable":true,"href":"https:\/\/www.conselharan.org\/ca\/wp-json\/wp\/v2\/comments?post=19747"}],"version-history":[{"count":1,"href":"https:\/\/www.conselharan.org\/ca\/wp-json\/wp\/v2\/posts\/19747\/revisions"}],"predecessor-version":[{"id":19748,"href":"https:\/\/www.conselharan.org\/ca\/wp-json\/wp\/v2\/posts\/19747\/revisions\/19748"}],"wp:featuredmedia":[{"embeddable":true,"href":"https:\/\/www.conselharan.org\/ca\/wp-json\/wp\/v2\/media\/19739"}],"wp:attachment":[{"href":"https:\/\/www.conselharan.org\/ca\/wp-json\/wp\/v2\/media?parent=19747"}],"wp:term":[{"taxonomy":"category","embeddable":true,"href":"https:\/\/www.conselharan.org\/ca\/wp-json\/wp\/v2\/categories?post=19747"},{"taxonomy":"post_tag","embeddable":true,"href":"https:\/\/www.conselharan.org\/ca\/wp-json\/wp\/v2\/tags?post=19747"}],"curies":[{"name":"wp","href":"https:\/\/api.w.org\/{rel}","templated":true}]}}