{"id":19776,"date":"2017-11-15T17:16:43","date_gmt":"2017-11-15T16:16:43","guid":{"rendered":"http:\/\/www.conselharan.org\/?p=19776"},"modified":"2017-11-15T17:16:43","modified_gmt":"2017-11-15T16:16:43","slug":"defensa-de-la-primera-catedra-de-catalunya-dintervencio-en-el-patrimoni-arquitectonic","status":"publish","type":"post","link":"https:\/\/www.conselharan.org\/ca\/defensa-de-la-primera-catedra-de-catalunya-dintervencio-en-el-patrimoni-arquitectonic\/","title":{"rendered":"Defensa de la primera c\u00e0tedra de Catalunya d\u2019Intervenci\u00f3 en el Patrimoni Arquitect\u00f2nic"},"content":{"rendered":"<p>Vielha, 15 de novembre de 2017.- Dijous setze d\u2019 octubre va tenir lloc en el Sal\u00f3 de Graus de la Universitat Internacional de Catalunya de Barcelona la defensa de la primera c\u00e0tedra de Catalunya d\u2019 Intervenci\u00f3 en el Patrimoni Arquitect\u00f2nic.<\/p>\n<p><a href=\"http:\/\/www.conselharan.org\/wp-content\/uploads\/2017\/11\/IMG-20171110-WA0034.jpg\"><img loading=\"lazy\" decoding=\"async\" class=\"aligncenter size-large wp-image-19770\" src=\"http:\/\/www.conselharan.org\/wp-content\/uploads\/2017\/11\/IMG-20171110-WA0034-1024x682.jpg\" alt=\"\" width=\"1024\" height=\"682\" srcset=\"https:\/\/www.conselharan.org\/wp-content\/uploads\/2017\/11\/IMG-20171110-WA0034-1024x682.jpg 1024w, https:\/\/www.conselharan.org\/wp-content\/uploads\/2017\/11\/IMG-20171110-WA0034-300x200.jpg 300w, https:\/\/www.conselharan.org\/wp-content\/uploads\/2017\/11\/IMG-20171110-WA0034-768x512.jpg 768w, https:\/\/www.conselharan.org\/wp-content\/uploads\/2017\/11\/IMG-20171110-WA0034.jpg 1600w\" sizes=\"(max-width: 1024px) 100vw, 1024px\" \/><\/a><\/p>\n<p>El Defensor de la mateixa ha estat el Dr. <strong>Josep Lluis i Ginovart<\/strong>, arquitecte pel ETSAB de la UPC (1982) i Doctor arquitecte per la ETSARQ de la UIC (2002). En l&#8217;actualitat des de 2016 \u00e9s professor titular i Director de la School of Architecture de la Universitat Internacional de Catalunya, UIC de Barcelona. Ha estat Director del Departament d&#8217;Arquitectura de la Universitat Rovira hi Virgili (2014-2016). \u00c9s investigador actiu, i va dirigir com IP el Grup de Recerca reconeguda Architectural Heritage (PATRIARQ).<\/p>\n<p>La seva traject\u00f2ria cient\u00edfica es vas produir com un transvasament despr\u00e9s de l&#8217;experi\u00e8ncia professional (1982-2016) en els seus despatxos d&#8217;arquitectura de Barcelona i Tortosa i en l&#8217;\u00e0mbit de la restauraci\u00f3 i intervenci\u00f3 del patrimoni arquitect\u00f2nic cap al m\u00f3n de la Universitat. Projectes com el Pla Director de la Catedral de Tortosa (1995-2000), dins del Pla Nacional de Catedrals, o el Cat\u00e0leg d&#8217;edificis i conjunts urbans i rurals de la ciutat i municipi de Tortosa (2000-2005) i el Pla Director del palau episcopal de Tortosa (2010- 2012) van provocar la possibilitat de dirigir equips pluridisciplinars.<\/p>\n<p>Ha desenvolupat una tasca d&#8217;investigaci\u00f3 basada en l&#8217;experi\u00e8ncia professional contrastada, relacionada als edificis hist\u00f2rics de car\u00e0cter patrimonial, des de l&#8217;\u00f2ptica de la protecci\u00f3 i intervenci\u00f3 en el patrimoni edificat prenent com a base els elements que configuren la gen\u00e8tica els edificis hist\u00f2rics, essencialment la geometria i la forma constructiva.<\/p>\n<p>En l&#8217;acte de defensa d&#8217;una pot\u00e8ncia intel\u00b7lectual i pedag\u00f2gica d\u2019alt\u00edssim nivell van ser present per part del Conselh Generau d\u2019Aran els Srs. J\u00e8p de Montoya i la Sra. Elisa Ros.<\/p>\n<p>Tot el projecte i els treballs fets pels estudiants (un 150 durant 6 anys) i nous doctors (una tesis presentada i una altra en execuci\u00f3), aix\u00ed com l\u2019escanejat per un viatge processant les dades per tenir la planimetria tridimensional de 43 esgl\u00e9sies i capelles son un actiu documental i de coneixement impagable i que tindr\u00e0 una enorme transcend\u00e8ncia en el temps per la comprensi\u00f3, restauraci\u00f3 i posada en evidencia del nostre patrimoni cultural.<\/p>\n<p>Josep Lluis, s\u2019ha convertit en un referent sobre l&#8217;estudi, comprensi\u00f3 de com es van construir, de les patologies que pateixen, i de com s\u2019han restaurar les esgl\u00e9sies araneses i marca el cam\u00ed per on han\u00a0 d\u2019anar les coses per la Universitat Catalana i a l&#8217;Acad\u00e8mia en general, revertint el coneixement al poble i en els territoris que durant segles han mantingut els edificis dempeus.<\/p>\n<p>La Val d\u2019Aran \u00e9s privilegiada de poder comptar amb el Dr. Josep Lluis i Ginovart i tot el seu equip en aquesta fita que ens marquem de creaci\u00f3 de l&#8217;expedient per qu\u00e8 la Val d\u2019Aran un dia sigui declarada Patrimoni de la Humanitat per part de la UNESCO.<\/p>\n<p><a href=\"http:\/\/www.conselharan.org\/wp-content\/uploads\/2017\/11\/IMG-20171110-WA0055.jpg\"><img loading=\"lazy\" decoding=\"async\" class=\"aligncenter size-large wp-image-19771\" src=\"http:\/\/www.conselharan.org\/wp-content\/uploads\/2017\/11\/IMG-20171110-WA0055-1024x576.jpg\" alt=\"\" width=\"1024\" height=\"576\" srcset=\"https:\/\/www.conselharan.org\/wp-content\/uploads\/2017\/11\/IMG-20171110-WA0055-1024x576.jpg 1024w, https:\/\/www.conselharan.org\/wp-content\/uploads\/2017\/11\/IMG-20171110-WA0055-300x169.jpg 300w, https:\/\/www.conselharan.org\/wp-content\/uploads\/2017\/11\/IMG-20171110-WA0055-768x432.jpg 768w, https:\/\/www.conselharan.org\/wp-content\/uploads\/2017\/11\/IMG-20171110-WA0055.jpg 1600w\" sizes=\"(max-width: 1024px) 100vw, 1024px\" \/><\/a> <a href=\"http:\/\/www.conselharan.org\/wp-content\/uploads\/2017\/11\/IMG-20171110-WA0059.jpg\"><img loading=\"lazy\" decoding=\"async\" class=\"aligncenter size-large wp-image-19772\" src=\"http:\/\/www.conselharan.org\/wp-content\/uploads\/2017\/11\/IMG-20171110-WA0059-1024x576.jpg\" alt=\"\" width=\"1024\" height=\"576\" srcset=\"https:\/\/www.conselharan.org\/wp-content\/uploads\/2017\/11\/IMG-20171110-WA0059-1024x576.jpg 1024w, https:\/\/www.conselharan.org\/wp-content\/uploads\/2017\/11\/IMG-20171110-WA0059-300x169.jpg 300w, https:\/\/www.conselharan.org\/wp-content\/uploads\/2017\/11\/IMG-20171110-WA0059-768x432.jpg 768w, https:\/\/www.conselharan.org\/wp-content\/uploads\/2017\/11\/IMG-20171110-WA0059.jpg 1600w\" sizes=\"(max-width: 1024px) 100vw, 1024px\" \/><\/a><\/p>\n ","protected":false},"excerpt":{"rendered":"<p>Vielha, 15 de novembre de 2017.- Dijous setze d\u2019 octubre va tenir lloc en el Sal\u00f3 de Graus de la Universitat Internacional de Catalunya de Barcelona la defensa de la primera c\u00e0tedra de Catalunya d\u2019 Intervenci\u00f3 en el Patrimoni Arquitect\u00f2nic. El Defensor de la mateixa ha estat el Dr. Josep Lluis i Ginovart, arquitecte pel&#8230;<\/p>\n","protected":false},"author":2,"featured_media":19770,"comment_status":"closed","ping_status":"closed","sticky":false,"template":"","format":"standard","meta":{"footnotes":""},"categories":[33],"tags":[],"_links":{"self":[{"href":"https:\/\/www.conselharan.org\/ca\/wp-json\/wp\/v2\/posts\/19776"}],"collection":[{"href":"https:\/\/www.conselharan.org\/ca\/wp-json\/wp\/v2\/posts"}],"about":[{"href":"https:\/\/www.conselharan.org\/ca\/wp-json\/wp\/v2\/types\/post"}],"author":[{"embeddable":true,"href":"https:\/\/www.conselharan.org\/ca\/wp-json\/wp\/v2\/users\/2"}],"replies":[{"embeddable":true,"href":"https:\/\/www.conselharan.org\/ca\/wp-json\/wp\/v2\/comments?post=19776"}],"version-history":[{"count":1,"href":"https:\/\/www.conselharan.org\/ca\/wp-json\/wp\/v2\/posts\/19776\/revisions"}],"predecessor-version":[{"id":19777,"href":"https:\/\/www.conselharan.org\/ca\/wp-json\/wp\/v2\/posts\/19776\/revisions\/19777"}],"wp:featuredmedia":[{"embeddable":true,"href":"https:\/\/www.conselharan.org\/ca\/wp-json\/wp\/v2\/media\/19770"}],"wp:attachment":[{"href":"https:\/\/www.conselharan.org\/ca\/wp-json\/wp\/v2\/media?parent=19776"}],"wp:term":[{"taxonomy":"category","embeddable":true,"href":"https:\/\/www.conselharan.org\/ca\/wp-json\/wp\/v2\/categories?post=19776"},{"taxonomy":"post_tag","embeddable":true,"href":"https:\/\/www.conselharan.org\/ca\/wp-json\/wp\/v2\/tags?post=19776"}],"curies":[{"name":"wp","href":"https:\/\/api.w.org\/{rel}","templated":true}]}}