{"id":19784,"date":"2017-11-16T11:45:52","date_gmt":"2017-11-16T10:45:52","guid":{"rendered":"http:\/\/www.conselharan.org\/?p=19784"},"modified":"2017-11-16T11:45:52","modified_gmt":"2017-11-16T10:45:52","slug":"taller-de-manualitats-nadalenques-a-caritas-val-daran","status":"publish","type":"post","link":"https:\/\/www.conselharan.org\/ca\/taller-de-manualitats-nadalenques-a-caritas-val-daran\/","title":{"rendered":"Taller de manualitats nadalenques a C\u00e0ritas Val d\u2019Aran"},"content":{"rendered":"<p>Vielha, 15 de novembre de 2017.- Des de el mes d&#8217;octubre i fins a final de desembre dins de l&#8217;\u201dEspai Grapats\u201d de C\u00e0ritas d&#8217;Urgell es fa el Taller de manualitats nadalenques de C\u00e0ritas Val d\u2019Aran.<\/p>\n<p>Durant l&#8217;\u00faltim trimestre de l&#8217;any dediquen aquest taller a realitzar decoracions de nadal amb roba reciclada. El taller, a m\u00e9s \u00e9s una molt bona manera de con\u00e8ixer altres persones, parlar, posar idees en com\u00fa i donar un altre \u00fas a la roba que ja no es pot aprofitar.<\/p>\n<p>El taller es realitza tots els dimecres de 10:30 a 11:30 hores al centre de C\u00e0ritas a Vielha.<\/p>\n<p><a href=\"http:\/\/www.conselharan.org\/wp-content\/uploads\/2017\/11\/IMG-0501.jpg\"><img loading=\"lazy\" decoding=\"async\" class=\"aligncenter size-full wp-image-19780\" src=\"http:\/\/www.conselharan.org\/wp-content\/uploads\/2017\/11\/IMG-0501.jpg\" alt=\"\" width=\"1000\" height=\"750\" srcset=\"https:\/\/www.conselharan.org\/wp-content\/uploads\/2017\/11\/IMG-0501.jpg 1000w, https:\/\/www.conselharan.org\/wp-content\/uploads\/2017\/11\/IMG-0501-300x225.jpg 300w, https:\/\/www.conselharan.org\/wp-content\/uploads\/2017\/11\/IMG-0501-768x576.jpg 768w\" sizes=\"(max-width: 1000px) 100vw, 1000px\" \/><\/a><\/p>\n ","protected":false},"excerpt":{"rendered":"<p>Vielha, 15 de novembre de 2017.- Des de el mes d&#8217;octubre i fins a final de desembre dins de l&#8217;\u201dEspai Grapats\u201d de C\u00e0ritas d&#8217;Urgell es fa el Taller de manualitats nadalenques de C\u00e0ritas Val d\u2019Aran. Durant l&#8217;\u00faltim trimestre de l&#8217;any dediquen aquest taller a realitzar decoracions de nadal amb roba reciclada. El taller, a m\u00e9s&#8230;<\/p>\n","protected":false},"author":2,"featured_media":19780,"comment_status":"closed","ping_status":"closed","sticky":false,"template":"","format":"standard","meta":{"footnotes":""},"categories":[33],"tags":[],"_links":{"self":[{"href":"https:\/\/www.conselharan.org\/ca\/wp-json\/wp\/v2\/posts\/19784"}],"collection":[{"href":"https:\/\/www.conselharan.org\/ca\/wp-json\/wp\/v2\/posts"}],"about":[{"href":"https:\/\/www.conselharan.org\/ca\/wp-json\/wp\/v2\/types\/post"}],"author":[{"embeddable":true,"href":"https:\/\/www.conselharan.org\/ca\/wp-json\/wp\/v2\/users\/2"}],"replies":[{"embeddable":true,"href":"https:\/\/www.conselharan.org\/ca\/wp-json\/wp\/v2\/comments?post=19784"}],"version-history":[{"count":1,"href":"https:\/\/www.conselharan.org\/ca\/wp-json\/wp\/v2\/posts\/19784\/revisions"}],"predecessor-version":[{"id":19785,"href":"https:\/\/www.conselharan.org\/ca\/wp-json\/wp\/v2\/posts\/19784\/revisions\/19785"}],"wp:featuredmedia":[{"embeddable":true,"href":"https:\/\/www.conselharan.org\/ca\/wp-json\/wp\/v2\/media\/19780"}],"wp:attachment":[{"href":"https:\/\/www.conselharan.org\/ca\/wp-json\/wp\/v2\/media?parent=19784"}],"wp:term":[{"taxonomy":"category","embeddable":true,"href":"https:\/\/www.conselharan.org\/ca\/wp-json\/wp\/v2\/categories?post=19784"},{"taxonomy":"post_tag","embeddable":true,"href":"https:\/\/www.conselharan.org\/ca\/wp-json\/wp\/v2\/tags?post=19784"}],"curies":[{"name":"wp","href":"https:\/\/api.w.org\/{rel}","templated":true}]}}