{"id":19809,"date":"2017-11-17T14:03:12","date_gmt":"2017-11-17T13:03:12","guid":{"rendered":"http:\/\/www.conselharan.org\/?p=19809"},"modified":"2017-11-17T14:03:12","modified_gmt":"2017-11-17T13:03:12","slug":"curs-interpretacio-i-educacio-ambiental-a-eteva","status":"publish","type":"post","link":"https:\/\/www.conselharan.org\/ca\/curs-interpretacio-i-educacio-ambiental-a-eteva\/","title":{"rendered":"Curs \u201cInterpretaci\u00f3 i Educaci\u00f3 Ambiental\u201d a ETEVA"},"content":{"rendered":"<p>Vielha, 16 de novembre de 2017.- El Conselh Generau d\u2019Aran a trav\u00e9s de ETEVA (Escola de T\u00e8cnics Esportius de la Val d\u2019Aran), ofereix el <strong>curs \u201cInterpretaci\u00f3 i Educaci\u00f3 Ambiental\u201d.<\/strong> El curs est\u00e0 subvencionat pel SOC (Servei d\u2019Ocupaci\u00f3 de Catalunya) i \u00e9s gratu\u00eft per als alumnes.<\/p>\n<p>El curs es compon de 4 m\u00f2duls te\u00f2ric-pr\u00e0ctics i un m\u00f2dul de pr\u00e0ctiques en empresa. Els alumnes que finalitzin tota la formaci\u00f3 podran sol\u00b7licitar l\u2019expedici\u00f3 del corresponent Certificat de professionalitat. La matr\u00edcula parcial per m\u00f2duls tamb\u00e9 \u00e9s possible en el cas que hi hagin places disponibles.<\/p>\n<p><a href=\"http:\/\/www.conselharan.org\/wp-content\/uploads\/2017\/11\/post_-INTERPRETACI\u00d3-I-EDUCACI\u00d3-AMBIENTAL-2.png\"><img loading=\"lazy\" decoding=\"async\" class=\"aligncenter size-full wp-image-19805\" src=\"http:\/\/www.conselharan.org\/wp-content\/uploads\/2017\/11\/post_-INTERPRETACI\u00d3-I-EDUCACI\u00d3-AMBIENTAL-2.png\" alt=\"\" width=\"940\" height=\"788\" srcset=\"https:\/\/www.conselharan.org\/wp-content\/uploads\/2017\/11\/post_-INTERPRETACI\u00d3-I-EDUCACI\u00d3-AMBIENTAL-2.png 940w, https:\/\/www.conselharan.org\/wp-content\/uploads\/2017\/11\/post_-INTERPRETACI\u00d3-I-EDUCACI\u00d3-AMBIENTAL-2-300x251.png 300w, https:\/\/www.conselharan.org\/wp-content\/uploads\/2017\/11\/post_-INTERPRETACI\u00d3-I-EDUCACI\u00d3-AMBIENTAL-2-768x644.png 768w\" sizes=\"(max-width: 940px) 100vw, 940px\" \/><\/a><\/p>\n<p>Els requisits per poder accedir al curs son:<\/p>\n<p>&nbsp;<\/p>\n<p>-Tenir t\u00edtol de Batxiller, equivalent o superior (en cas contrari s\u2019haur\u00e0 de fer una prova de nivell).<\/p>\n<p>-Estar aturat i inscrit en les oficines del SOC.\u00a0 (podeu anar-hi de 8.30 a 14.00 h i portar el DNI).<\/p>\n<p>&nbsp;<\/p>\n<p>Els continguts del curs son els seg\u00fcents:<\/p>\n<p>&nbsp;<\/p>\n<p>-Activitats d&#8217;orientaci\u00f3 i desenvolupament en el medi (100 hores).<\/p>\n<p>-Estructura i din\u00e0mica del medi ambient (100 hores).<\/p>\n<p>-Activitats humanes i problem\u00e0tica ambiental (100 hores).<\/p>\n<p>-Programes d&#8217;educaci\u00f3 ambiental (120 hores).<\/p>\n<p>-Pr\u00e0ctiques professionals (80 hores).<\/p>\n<p>&nbsp;<\/p>\n<p>El curs s\u2019iniciar\u00e0 l\u2019abril de 2018 i finalitzar\u00e0 el mes d\u2019octubre.<\/p>\n<p>Les inscripcions i la matr\u00edcula s\u2019han de formalitzar abans del dia 22 de novembre de 2017. Les places s\u00f3n limitades.<\/p>\n<p>&nbsp;<\/p>\n<p>Per a m\u00e9s informaci\u00f3 us podeu adre\u00e7ar a <a href=\"mailto:nuria@eteva.org\">nuria@eteva.org<\/a> o al 973644595<\/p>\n ","protected":false},"excerpt":{"rendered":"<p>Vielha, 16 de novembre de 2017.- El Conselh Generau d\u2019Aran a trav\u00e9s de ETEVA (Escola de T\u00e8cnics Esportius de la Val d\u2019Aran), ofereix el curs \u201cInterpretaci\u00f3 i Educaci\u00f3 Ambiental\u201d. El curs est\u00e0 subvencionat pel SOC (Servei d\u2019Ocupaci\u00f3 de Catalunya) i \u00e9s gratu\u00eft per als alumnes. El curs es compon de 4 m\u00f2duls te\u00f2ric-pr\u00e0ctics i un&#8230;<\/p>\n","protected":false},"author":2,"featured_media":19805,"comment_status":"closed","ping_status":"closed","sticky":false,"template":"","format":"standard","meta":{"footnotes":""},"categories":[33],"tags":[],"_links":{"self":[{"href":"https:\/\/www.conselharan.org\/ca\/wp-json\/wp\/v2\/posts\/19809"}],"collection":[{"href":"https:\/\/www.conselharan.org\/ca\/wp-json\/wp\/v2\/posts"}],"about":[{"href":"https:\/\/www.conselharan.org\/ca\/wp-json\/wp\/v2\/types\/post"}],"author":[{"embeddable":true,"href":"https:\/\/www.conselharan.org\/ca\/wp-json\/wp\/v2\/users\/2"}],"replies":[{"embeddable":true,"href":"https:\/\/www.conselharan.org\/ca\/wp-json\/wp\/v2\/comments?post=19809"}],"version-history":[{"count":1,"href":"https:\/\/www.conselharan.org\/ca\/wp-json\/wp\/v2\/posts\/19809\/revisions"}],"predecessor-version":[{"id":19810,"href":"https:\/\/www.conselharan.org\/ca\/wp-json\/wp\/v2\/posts\/19809\/revisions\/19810"}],"wp:featuredmedia":[{"embeddable":true,"href":"https:\/\/www.conselharan.org\/ca\/wp-json\/wp\/v2\/media\/19805"}],"wp:attachment":[{"href":"https:\/\/www.conselharan.org\/ca\/wp-json\/wp\/v2\/media?parent=19809"}],"wp:term":[{"taxonomy":"category","embeddable":true,"href":"https:\/\/www.conselharan.org\/ca\/wp-json\/wp\/v2\/categories?post=19809"},{"taxonomy":"post_tag","embeddable":true,"href":"https:\/\/www.conselharan.org\/ca\/wp-json\/wp\/v2\/tags?post=19809"}],"curies":[{"name":"wp","href":"https:\/\/api.w.org\/{rel}","templated":true}]}}