{"id":19887,"date":"2017-11-24T12:56:23","date_gmt":"2017-11-24T11:56:23","guid":{"rendered":"http:\/\/www.conselharan.org\/?p=19887"},"modified":"2017-11-24T13:02:14","modified_gmt":"2017-11-24T12:02:14","slug":"manifest-en-motiu-del-dia-internacional-contra-la-violencia-de-genere","status":"publish","type":"post","link":"https:\/\/www.conselharan.org\/ca\/manifest-en-motiu-del-dia-internacional-contra-la-violencia-de-genere\/","title":{"rendered":"Manifest en motiu del Dia Internacional contra la Viol\u00e8ncia de G\u00e8nere"},"content":{"rendered":"<p>&nbsp;<\/p>\n<p>Vielha, 24 de noviembre de 2017.- Sota el lema <strong>\u201cNon ei non\u201d<\/strong> (No \u00e9s no), a les 12 del migdia d\u2019avui divendres s\u2019ha llegit a la pla\u00e7a del Conselh Generau d\u2019Aran el manifest en commemoraci\u00f3 del Dia Internacional contra la Viol\u00e8ncia de G\u00e8nere.<\/p>\n<p><a href=\"http:\/\/www.conselharan.org\/wp-content\/uploads\/2017\/11\/IMG_0924.jpg\"><img loading=\"lazy\" decoding=\"async\" class=\"aligncenter size-large wp-image-19880\" src=\"http:\/\/www.conselharan.org\/wp-content\/uploads\/2017\/11\/IMG_0924-1024x576.jpg\" alt=\"\" width=\"1024\" height=\"576\" srcset=\"https:\/\/www.conselharan.org\/wp-content\/uploads\/2017\/11\/IMG_0924-1024x576.jpg 1024w, https:\/\/www.conselharan.org\/wp-content\/uploads\/2017\/11\/IMG_0924-300x169.jpg 300w, https:\/\/www.conselharan.org\/wp-content\/uploads\/2017\/11\/IMG_0924-768x432.jpg 768w\" sizes=\"(max-width: 1024px) 100vw, 1024px\" \/><\/a><\/p>\n<p>La conselh\u00e8ra de Salut i Ben\u00e8ster d&#8217;Aran, Anna D\u00edaz, ha estat l&#8217;encarregada de donar lectura al manifest.<\/p>\n<p>La lectura del manifest i els actes relacionats amb el Dia Internacional contra la Viol\u00e8ncia de G\u00e8nere, estan organitzats pel SIAH Servici d\u2019Informacion e Atencion ara Hemna del Conselh Generau d\u2019Aran.<br \/>\n<iframe loading=\"lazy\" src=\"https:\/\/www.youtube.com\/embed\/WTcnUhp9JC8\" width=\"560\" height=\"315\" frameborder=\"0\" allowfullscreen=\"allowfullscreen\"><\/iframe><\/p>\n<p>Relacionat amb la viol\u00e8ncia de g\u00e8nere, durant el mes de desembre, el SIAH organitza un curs de formaci\u00f3 adre\u00e7at a treballadors socials i personal qualificat que treballen amb fam\u00edlies vulnerables, sobre mesures d\u2019autocontrol i d\u2019autodefensa.<\/p>\n<p>El Dia Internacional contra la Viol\u00e8ncia de G\u00e8nere es commemora a nivell mundial el dia 25 de novembre.<\/p>\n ","protected":false},"excerpt":{"rendered":"<p>&nbsp; Vielha, 24 de noviembre de 2017.- Sota el lema \u201cNon ei non\u201d (No \u00e9s no), a les 12 del migdia d\u2019avui divendres s\u2019ha llegit a la pla\u00e7a del Conselh Generau d\u2019Aran el manifest en commemoraci\u00f3 del Dia Internacional contra la Viol\u00e8ncia de G\u00e8nere. La conselh\u00e8ra de Salut i Ben\u00e8ster d&#8217;Aran, Anna D\u00edaz, ha estat&#8230;<\/p>\n","protected":false},"author":2,"featured_media":19880,"comment_status":"closed","ping_status":"closed","sticky":false,"template":"","format":"standard","meta":{"footnotes":""},"categories":[53,36],"tags":[],"_links":{"self":[{"href":"https:\/\/www.conselharan.org\/ca\/wp-json\/wp\/v2\/posts\/19887"}],"collection":[{"href":"https:\/\/www.conselharan.org\/ca\/wp-json\/wp\/v2\/posts"}],"about":[{"href":"https:\/\/www.conselharan.org\/ca\/wp-json\/wp\/v2\/types\/post"}],"author":[{"embeddable":true,"href":"https:\/\/www.conselharan.org\/ca\/wp-json\/wp\/v2\/users\/2"}],"replies":[{"embeddable":true,"href":"https:\/\/www.conselharan.org\/ca\/wp-json\/wp\/v2\/comments?post=19887"}],"version-history":[{"count":3,"href":"https:\/\/www.conselharan.org\/ca\/wp-json\/wp\/v2\/posts\/19887\/revisions"}],"predecessor-version":[{"id":19890,"href":"https:\/\/www.conselharan.org\/ca\/wp-json\/wp\/v2\/posts\/19887\/revisions\/19890"}],"wp:featuredmedia":[{"embeddable":true,"href":"https:\/\/www.conselharan.org\/ca\/wp-json\/wp\/v2\/media\/19880"}],"wp:attachment":[{"href":"https:\/\/www.conselharan.org\/ca\/wp-json\/wp\/v2\/media?parent=19887"}],"wp:term":[{"taxonomy":"category","embeddable":true,"href":"https:\/\/www.conselharan.org\/ca\/wp-json\/wp\/v2\/categories?post=19887"},{"taxonomy":"post_tag","embeddable":true,"href":"https:\/\/www.conselharan.org\/ca\/wp-json\/wp\/v2\/tags?post=19887"}],"curies":[{"name":"wp","href":"https:\/\/api.w.org\/{rel}","templated":true}]}}