{"id":19991,"date":"2017-12-07T11:35:57","date_gmt":"2017-12-07T10:35:57","guid":{"rendered":"http:\/\/www.conselharan.org\/?p=19991"},"modified":"2017-12-07T11:35:57","modified_gmt":"2017-12-07T10:35:57","slug":"orientacio-professional-per-a-estudiants-al-cei-val-daran","status":"publish","type":"post","link":"https:\/\/www.conselharan.org\/ca\/orientacio-professional-per-a-estudiants-al-cei-val-daran\/","title":{"rendered":"Orientaci\u00f3 professional per a estudiants al CEI Val d\u2019Aran"},"content":{"rendered":"<p>Vielha, 5 de desembre de 2017.- El passat dilluns 4 de desembre les alumnes dels cicles formatius de Grau mitj\u00e0 i superior de \u201dConducci\u00f3 de grups en el medi natural\u201d i de \u201dAnimaci\u00f3 d\u2019activitats f\u00edsic esportives, de 1\u00ba i de 2\u00ba\u201d de l\u2019INS d\u2019Aran, van assistir a les c\u00e0psules formatives d\u2019orientaci\u00f3 professional organitzades per el <strong>CEI Val d\u2019Aran de Casau<\/strong>.<\/p>\n<p>Les c\u00e0psules formatives sota el t\u00edtol de <strong>\u201cApr\u00e8n a fer curr\u00edculums creatius\u201d<\/strong> i <strong>\u201cSaps com fer un curr\u00edculum per compet\u00e8ncies\u201d<\/strong>, van ser impartides per <strong>Viviana Gr\u00e0cia i Espin\u00f3s<\/strong>, M\u00e0ster en Direcci\u00f3 i Lideratge, Llicenciada en Psicopedagogia i Postgrau en Intel\u00b7lig\u00e8ncia Emocional a les Organitzacions.<\/p>\n<p>Les c\u00e0psules van tenir una gran acceptaci\u00f3 entre els alumnes dels cicles formatius, i enceten tamb\u00e9 la relaci\u00f3 de col\u00b7laboraci\u00f3 entre el CEI Val d\u2019Aran i l\u2019INS d\u2019Aran, per oferir eines de formaci\u00f3 i informaci\u00f3 sobre el m\u00f3n laboral als estudiants.<\/p>\n<p><a href=\"http:\/\/www.conselharan.org\/wp-content\/uploads\/2017\/12\/IMG_4737-1.jpg\"><img loading=\"lazy\" decoding=\"async\" class=\"aligncenter size-large wp-image-19987\" src=\"http:\/\/www.conselharan.org\/wp-content\/uploads\/2017\/12\/IMG_4737-1-1024x749.jpg\" alt=\"\" width=\"1024\" height=\"749\" srcset=\"https:\/\/www.conselharan.org\/wp-content\/uploads\/2017\/12\/IMG_4737-1-1024x749.jpg 1024w, https:\/\/www.conselharan.org\/wp-content\/uploads\/2017\/12\/IMG_4737-1-300x219.jpg 300w, https:\/\/www.conselharan.org\/wp-content\/uploads\/2017\/12\/IMG_4737-1-768x562.jpg 768w\" sizes=\"(max-width: 1024px) 100vw, 1024px\" \/><\/a><\/p>\n<p>&nbsp;<\/p>\n ","protected":false},"excerpt":{"rendered":"<p>Vielha, 5 de desembre de 2017.- El passat dilluns 4 de desembre les alumnes dels cicles formatius de Grau mitj\u00e0 i superior de \u201dConducci\u00f3 de grups en el medi natural\u201d i de \u201dAnimaci\u00f3 d\u2019activitats f\u00edsic esportives, de 1\u00ba i de 2\u00ba\u201d de l\u2019INS d\u2019Aran, van assistir a les c\u00e0psules formatives d\u2019orientaci\u00f3 professional organitzades per el&#8230;<\/p>\n","protected":false},"author":2,"featured_media":19987,"comment_status":"closed","ping_status":"closed","sticky":false,"template":"","format":"standard","meta":{"footnotes":""},"categories":[33],"tags":[],"_links":{"self":[{"href":"https:\/\/www.conselharan.org\/ca\/wp-json\/wp\/v2\/posts\/19991"}],"collection":[{"href":"https:\/\/www.conselharan.org\/ca\/wp-json\/wp\/v2\/posts"}],"about":[{"href":"https:\/\/www.conselharan.org\/ca\/wp-json\/wp\/v2\/types\/post"}],"author":[{"embeddable":true,"href":"https:\/\/www.conselharan.org\/ca\/wp-json\/wp\/v2\/users\/2"}],"replies":[{"embeddable":true,"href":"https:\/\/www.conselharan.org\/ca\/wp-json\/wp\/v2\/comments?post=19991"}],"version-history":[{"count":1,"href":"https:\/\/www.conselharan.org\/ca\/wp-json\/wp\/v2\/posts\/19991\/revisions"}],"predecessor-version":[{"id":19992,"href":"https:\/\/www.conselharan.org\/ca\/wp-json\/wp\/v2\/posts\/19991\/revisions\/19992"}],"wp:featuredmedia":[{"embeddable":true,"href":"https:\/\/www.conselharan.org\/ca\/wp-json\/wp\/v2\/media\/19987"}],"wp:attachment":[{"href":"https:\/\/www.conselharan.org\/ca\/wp-json\/wp\/v2\/media?parent=19991"}],"wp:term":[{"taxonomy":"category","embeddable":true,"href":"https:\/\/www.conselharan.org\/ca\/wp-json\/wp\/v2\/categories?post=19991"},{"taxonomy":"post_tag","embeddable":true,"href":"https:\/\/www.conselharan.org\/ca\/wp-json\/wp\/v2\/tags?post=19991"}],"curies":[{"name":"wp","href":"https:\/\/api.w.org\/{rel}","templated":true}]}}