{"id":20005,"date":"2017-12-08T13:24:48","date_gmt":"2017-12-08T12:24:48","guid":{"rendered":"http:\/\/www.conselharan.org\/?p=20005"},"modified":"2017-12-07T13:26:49","modified_gmt":"2017-12-07T12:26:49","slug":"jornades-tecniques-dhabock-sar-del-11-al-13-de-desembre-a-la-val-daran","status":"publish","type":"post","link":"https:\/\/www.conselharan.org\/ca\/jornades-tecniques-dhabock-sar-del-11-al-13-de-desembre-a-la-val-daran\/","title":{"rendered":"Jornades T\u00e8cniques d\u2019Habock (SAR) del 11 al 13 de desembre a la Val d\u2019Aran"},"content":{"rendered":"<p>Vielha, 7 de desembre de 2017.- L\u2019empresa d\u2019helic\u00f2pters <strong>Habock Aviation Group<\/strong> en col\u00b7laboraci\u00f3 amb el <strong>Conselh Generau d\u2019Aran, Pompi\u00e8rs i Emerg\u00e8ncies d\u2019Aran<\/strong> <strong>i el SABS (Servici Aran\u00e9s de Ben\u00e9ster e Salut)<\/strong>, organitza entre l\u201911 i el 13 de desembre unes jornades t\u00e8cniques internes sobre Emerg\u00e8ncies M\u00e8diques i Protecci\u00f3 Civil (SAR) a la Val d\u2019Aran.<\/p>\n<p>La presentaci\u00f3 de les jornades anir\u00e0 a c\u00e0rrec del sindic d\u2019Aran, <strong>Carlos Barrera<\/strong>, acompanyat del director responsable de Habock Aviation, <strong>Jordi Tortras<\/strong>, a la sala de premsa del Conselh Generau d\u2019Aran el proper dilluns 11 de desembre a les 18:00h.<\/p>\n<p><a href=\"http:\/\/www.conselharan.org\/wp-content\/uploads\/2017\/12\/Habock.jpeg\"><img loading=\"lazy\" decoding=\"async\" class=\"aligncenter size-full wp-image-20003\" src=\"http:\/\/www.conselharan.org\/wp-content\/uploads\/2017\/12\/Habock.jpeg\" alt=\"\" width=\"750\" height=\"424\" srcset=\"https:\/\/www.conselharan.org\/wp-content\/uploads\/2017\/12\/Habock.jpeg 750w, https:\/\/www.conselharan.org\/wp-content\/uploads\/2017\/12\/Habock-300x170.jpeg 300w\" sizes=\"(max-width: 750px) 100vw, 750px\" \/><\/a><\/p>\n<p>Les jornades consistiran en diferents pon\u00e8ncies i taules de treball amb la participaci\u00f3 dels agents que s\u2019ocupen de les diferents tasques d\u2019emerg\u00e8ncies m\u00e8diques i protecci\u00f3 civil amb helic\u00f2pter com son els pilots, gruistes, rescatadors i sanitaris.<\/p>\n<p>Les jornades serviran per donar a con\u00e8ixer els diferents models base d\u2019actuaci\u00f3 a Catalunya, Ast\u00faries, Valladolid i Pamplona.<\/p>\n<p>Les jornades tamb\u00e9 inclouran un simulacre d\u2019actuaci\u00f3 en situaci\u00f3 d\u2019emerg\u00e8ncia que anir\u00e0 a c\u00e0rrec dels Pompi\u00e8rs d\u2019Aran el dimecres 13 de desembre entre les 11:00 i les 13:00 h a Arres.<\/p>\n<p>Habock Aviation Group, \u00e9s un holding integrat per empreses especialitzades en el sector aeron\u00e0utic que presta serveis en missions cr\u00edtiques d\u2019emerg\u00e8ncia. Compten amb els equips m\u00e8dics m\u00e9s moderns que converteixen els seus helic\u00f2pters en veritables UCI a\u00e8ries.<\/p>\n<p>&nbsp;<\/p>\n ","protected":false},"excerpt":{"rendered":"<p>Vielha, 7 de desembre de 2017.- L\u2019empresa d\u2019helic\u00f2pters Habock Aviation Group en col\u00b7laboraci\u00f3 amb el Conselh Generau d\u2019Aran, Pompi\u00e8rs i Emerg\u00e8ncies d\u2019Aran i el SABS (Servici Aran\u00e9s de Ben\u00e9ster e Salut), organitza entre l\u201911 i el 13 de desembre unes jornades t\u00e8cniques internes sobre Emerg\u00e8ncies M\u00e8diques i Protecci\u00f3 Civil (SAR) a la Val d\u2019Aran. La&#8230;<\/p>\n","protected":false},"author":2,"featured_media":20003,"comment_status":"closed","ping_status":"closed","sticky":false,"template":"","format":"standard","meta":{"footnotes":""},"categories":[33],"tags":[],"_links":{"self":[{"href":"https:\/\/www.conselharan.org\/ca\/wp-json\/wp\/v2\/posts\/20005"}],"collection":[{"href":"https:\/\/www.conselharan.org\/ca\/wp-json\/wp\/v2\/posts"}],"about":[{"href":"https:\/\/www.conselharan.org\/ca\/wp-json\/wp\/v2\/types\/post"}],"author":[{"embeddable":true,"href":"https:\/\/www.conselharan.org\/ca\/wp-json\/wp\/v2\/users\/2"}],"replies":[{"embeddable":true,"href":"https:\/\/www.conselharan.org\/ca\/wp-json\/wp\/v2\/comments?post=20005"}],"version-history":[{"count":1,"href":"https:\/\/www.conselharan.org\/ca\/wp-json\/wp\/v2\/posts\/20005\/revisions"}],"predecessor-version":[{"id":20006,"href":"https:\/\/www.conselharan.org\/ca\/wp-json\/wp\/v2\/posts\/20005\/revisions\/20006"}],"wp:featuredmedia":[{"embeddable":true,"href":"https:\/\/www.conselharan.org\/ca\/wp-json\/wp\/v2\/media\/20003"}],"wp:attachment":[{"href":"https:\/\/www.conselharan.org\/ca\/wp-json\/wp\/v2\/media?parent=20005"}],"wp:term":[{"taxonomy":"category","embeddable":true,"href":"https:\/\/www.conselharan.org\/ca\/wp-json\/wp\/v2\/categories?post=20005"},{"taxonomy":"post_tag","embeddable":true,"href":"https:\/\/www.conselharan.org\/ca\/wp-json\/wp\/v2\/tags?post=20005"}],"curies":[{"name":"wp","href":"https:\/\/api.w.org\/{rel}","templated":true}]}}