{"id":20023,"date":"2017-12-13T17:52:32","date_gmt":"2017-12-13T16:52:32","guid":{"rendered":"http:\/\/www.conselharan.org\/?p=20023"},"modified":"2017-12-13T17:52:32","modified_gmt":"2017-12-13T16:52:32","slug":"alumnes-de-2on-de-primaria-de-lescola-garona-coneixen-el-conselh-generau-daran","status":"publish","type":"post","link":"https:\/\/www.conselharan.org\/ca\/alumnes-de-2on-de-primaria-de-lescola-garona-coneixen-el-conselh-generau-daran\/","title":{"rendered":"Alumnes de 2on de Prim\u00e0ria de l\u2019Escola Garona coneixen el Conselh Generau d\u2019Aran"},"content":{"rendered":"<p>Vielha, 13 de desembre de 2017.- 60 alumnes de 2on de Prim\u00e0ria de l\u2019Escola Garona han visitat el Conselh Generau d\u2019Aran.<\/p>\n<p>Els nens i nenes, acompanyats de les seves professores han esta rebuts pel vicesindic d\u2019Aran, <strong>Lu\u00eds Carlos Medina<\/strong>, que els ha fet un rep\u00e0s sobre la hist\u00f2ria, el funcionament i les funcions del Conselh Generau d\u2019Aran.<\/p>\n<p><a href=\"http:\/\/www.conselharan.org\/wp-content\/uploads\/2017\/12\/Visita-Escola-Garona.jpg\"><img loading=\"lazy\" decoding=\"async\" class=\"aligncenter size-large wp-image-20018\" src=\"http:\/\/www.conselharan.org\/wp-content\/uploads\/2017\/12\/Visita-Escola-Garona-1024x608.jpg\" alt=\"\" width=\"1024\" height=\"608\" srcset=\"https:\/\/www.conselharan.org\/wp-content\/uploads\/2017\/12\/Visita-Escola-Garona-1024x608.jpg 1024w, https:\/\/www.conselharan.org\/wp-content\/uploads\/2017\/12\/Visita-Escola-Garona-300x178.jpg 300w, https:\/\/www.conselharan.org\/wp-content\/uploads\/2017\/12\/Visita-Escola-Garona-768x456.jpg 768w\" sizes=\"(max-width: 1024px) 100vw, 1024px\" \/><\/a><\/p>\n<p>El vicesindic d\u2019Aran, ha respost a multitud de preguntes que li han plantejat els alumnes de l\u2019Escola Garona sobre el Conselh Generau d\u2019Aran envers l\u2019organitzaci\u00f3 de la m\u00e0xima instituci\u00f3 aranesa i les funcions que desenvolupa en ensenyament, sanitat, turisme i medi natural, aix\u00ed com tamb\u00e9 aspectes que interessen m\u00e9s als nens i nenes, com el funcionament dels Pompi\u00e8rs d\u2019Aran i la policia, o quina \u00e9s la feina que realitza el sindic d\u2019Aran.<\/p>\n<p>En finalitzar la visita, Lu\u00eds Carlos Medina, ha obsequiat a cadascun dels escolars amb dos contes editats pel Conselh Generau d\u2019Aran.<\/p>\n<p><a href=\"http:\/\/www.conselharan.org\/wp-content\/uploads\/2017\/12\/IMG_9435.jpg\"><img loading=\"lazy\" decoding=\"async\" class=\"aligncenter size-large wp-image-20019\" src=\"http:\/\/www.conselharan.org\/wp-content\/uploads\/2017\/12\/IMG_9435-1024x768.jpg\" alt=\"\" width=\"1024\" height=\"768\" srcset=\"https:\/\/www.conselharan.org\/wp-content\/uploads\/2017\/12\/IMG_9435-1024x768.jpg 1024w, https:\/\/www.conselharan.org\/wp-content\/uploads\/2017\/12\/IMG_9435-300x225.jpg 300w, https:\/\/www.conselharan.org\/wp-content\/uploads\/2017\/12\/IMG_9435-768x576.jpg 768w\" sizes=\"(max-width: 1024px) 100vw, 1024px\" \/><\/a><\/p>\n ","protected":false},"excerpt":{"rendered":"<p>Vielha, 13 de desembre de 2017.- 60 alumnes de 2on de Prim\u00e0ria de l\u2019Escola Garona han visitat el Conselh Generau d\u2019Aran. Els nens i nenes, acompanyats de les seves professores han esta rebuts pel vicesindic d\u2019Aran, Lu\u00eds Carlos Medina, que els ha fet un rep\u00e0s sobre la hist\u00f2ria, el funcionament i les funcions del Conselh&#8230;<\/p>\n","protected":false},"author":2,"featured_media":20018,"comment_status":"closed","ping_status":"closed","sticky":false,"template":"","format":"standard","meta":{"footnotes":""},"categories":[53,36],"tags":[],"_links":{"self":[{"href":"https:\/\/www.conselharan.org\/ca\/wp-json\/wp\/v2\/posts\/20023"}],"collection":[{"href":"https:\/\/www.conselharan.org\/ca\/wp-json\/wp\/v2\/posts"}],"about":[{"href":"https:\/\/www.conselharan.org\/ca\/wp-json\/wp\/v2\/types\/post"}],"author":[{"embeddable":true,"href":"https:\/\/www.conselharan.org\/ca\/wp-json\/wp\/v2\/users\/2"}],"replies":[{"embeddable":true,"href":"https:\/\/www.conselharan.org\/ca\/wp-json\/wp\/v2\/comments?post=20023"}],"version-history":[{"count":1,"href":"https:\/\/www.conselharan.org\/ca\/wp-json\/wp\/v2\/posts\/20023\/revisions"}],"predecessor-version":[{"id":20024,"href":"https:\/\/www.conselharan.org\/ca\/wp-json\/wp\/v2\/posts\/20023\/revisions\/20024"}],"wp:featuredmedia":[{"embeddable":true,"href":"https:\/\/www.conselharan.org\/ca\/wp-json\/wp\/v2\/media\/20018"}],"wp:attachment":[{"href":"https:\/\/www.conselharan.org\/ca\/wp-json\/wp\/v2\/media?parent=20023"}],"wp:term":[{"taxonomy":"category","embeddable":true,"href":"https:\/\/www.conselharan.org\/ca\/wp-json\/wp\/v2\/categories?post=20023"},{"taxonomy":"post_tag","embeddable":true,"href":"https:\/\/www.conselharan.org\/ca\/wp-json\/wp\/v2\/tags?post=20023"}],"curies":[{"name":"wp","href":"https:\/\/api.w.org\/{rel}","templated":true}]}}