{"id":20196,"date":"2018-01-05T14:34:28","date_gmt":"2018-01-05T13:34:28","guid":{"rendered":"http:\/\/www.conselharan.org\/?p=20196"},"modified":"2018-01-05T14:34:28","modified_gmt":"2018-01-05T13:34:28","slug":"el-club-ceva-comenca-lany-amb-el-4t-duatlo-desqui-a-beret","status":"publish","type":"post","link":"https:\/\/www.conselharan.org\/ca\/el-club-ceva-comenca-lany-amb-el-4t-duatlo-desqui-a-beret\/","title":{"rendered":"El Club CEVA comen\u00e7a l&#8217;any amb el 4t Duatl\u00f3 d&#8217;esqu\u00ed a Beret"},"content":{"rendered":"<p>La 4\u00aa edici\u00f3 del\u00a0Duatl\u00f3\u00a0d&#8217;esqu\u00ed\u00a0CEVA\u00a0que s&#8217;ha celebrat aquest dijous a Beret amb la participaci\u00f3 de m\u00e9s d&#8217;un centenar d&#8217;esportistes entre totes les categories.<\/p>\n<p>El 4t Duatl\u00f3\u00a0CEVA\u00a0(esqu\u00ed alp\u00ed &#8211; esqu\u00ed de muntanya) i el Gegant, van comptar amb la participaci\u00f3 de tots els socis del Club\u00a0CEVA. La jornada festiva va acabar un any m\u00e9s amb la multitudin\u00e0ria baixada de torxes i el lliurament de premis en el\u00a0Stadium\u00a0de Beret.<\/p>\n<p><a href=\"http:\/\/www.conselharan.org\/wp-content\/uploads\/2018\/01\/IMG_3236.jpg\"><img loading=\"lazy\" decoding=\"async\" class=\"aligncenter size-large wp-image-20191\" src=\"http:\/\/www.conselharan.org\/wp-content\/uploads\/2018\/01\/IMG_3236-1024x683.jpg\" alt=\"\" width=\"1024\" height=\"683\" srcset=\"https:\/\/www.conselharan.org\/wp-content\/uploads\/2018\/01\/IMG_3236-1024x683.jpg 1024w, https:\/\/www.conselharan.org\/wp-content\/uploads\/2018\/01\/IMG_3236-300x200.jpg 300w, https:\/\/www.conselharan.org\/wp-content\/uploads\/2018\/01\/IMG_3236-768x512.jpg 768w\" sizes=\"(max-width: 1024px) 100vw, 1024px\" \/><\/a><\/p>\n<p><strong>Resultats Duatl\u00f3 2018<\/strong><\/p>\n<p>Categoria Duatl\u00f3 Mascul\u00ed<\/p>\n<ul>\n<li>Jaume Huges<\/li>\n<li>Pol Jaquet<\/li>\n<li>Carlos Barata<\/li>\n<\/ul>\n<p>Categoria Duatl\u00f3 Femen\u00ed<\/p>\n<ul>\n<li>Pili Unanue<\/li>\n<li>Mar\u00eda Gamboa<\/li>\n<\/ul>\n<p>&nbsp;<\/p>\n<p><strong>Resultats Gegant<\/strong><\/p>\n<p>Clasificaci\u00f3<\/p>\n<p>Categoria Alev\u00ed Femen\u00ed<\/p>\n<p>1-\u00a0\u00a0\u00a0\u00a0\u00a0\u00a0\u00a0\u00a0 Daisy Brotons<\/p>\n<p>2-\u00a0\u00a0\u00a0\u00a0\u00a0\u00a0\u00a0\u00a0 Andrea Rodr\u00edguez<\/p>\n<p>3-\u00a0\u00a0\u00a0\u00a0\u00a0\u00a0\u00a0\u00a0 Valeria Meire<\/p>\n<p>&nbsp;<\/p>\n<p>Categoria Alev\u00ed Mascul\u00ed<\/p>\n<p>1-\u00a0\u00a0\u00a0\u00a0\u00a0\u00a0\u00a0\u00a0 Ignacio Ibarbia<\/p>\n<p>2-\u00a0\u00a0\u00a0\u00a0\u00a0\u00a0\u00a0\u00a0 Carlos Garc\u00eda<\/p>\n<p>3-\u00a0\u00a0\u00a0\u00a0\u00a0\u00a0\u00a0\u00a0 I\u00f1igo Erro<\/p>\n<p>&nbsp;<\/p>\n<p>&nbsp;<\/p>\n<p>Categoria Infantil Femen\u00ed<\/p>\n<p>1-\u00a0\u00a0\u00a0\u00a0\u00a0\u00a0\u00a0\u00a0 Arrieta Rodr\u00edguez<\/p>\n<p>2-\u00a0\u00a0\u00a0\u00a0\u00a0\u00a0\u00a0\u00a0 Emma Del R\u00edo<\/p>\n<p>3-\u00a0\u00a0\u00a0\u00a0\u00a0\u00a0\u00a0\u00a0 Eugene Brotons<\/p>\n<p>&nbsp;<\/p>\n<p>Categoria Infantil Mascul\u00ed<\/p>\n<p>1-\u00a0\u00a0\u00a0\u00a0\u00a0\u00a0\u00a0\u00a0 Lluc Montes<\/p>\n<p>2-\u00a0\u00a0\u00a0\u00a0\u00a0\u00a0\u00a0\u00a0 Paul Del R\u00edo<\/p>\n<p>3-\u00a0\u00a0\u00a0\u00a0\u00a0\u00a0\u00a0\u00a0 Nicol\u00e1s Meire<\/p>\n<p>&nbsp;<\/p>\n<p>Categoria Juvenil femen\u00ed<\/p>\n<p>1-\u00a0\u00a0\u00a0\u00a0\u00a0\u00a0\u00a0\u00a0 Cora Isus<\/p>\n<p>&nbsp;<\/p>\n<p>Categoria Juvenil Mascul\u00ed<\/p>\n<p>1-\u00a0\u00a0\u00a0\u00a0\u00a0\u00a0\u00a0\u00a0 Iker Rodr\u00edguez<\/p>\n<p>2-\u00a0\u00a0\u00a0\u00a0\u00a0\u00a0\u00a0\u00a0 Hugo Sol<\/p>\n<p>3-\u00a0\u00a0\u00a0\u00a0\u00a0\u00a0\u00a0\u00a0 Alejandro Arrieta<\/p>\n<p>&nbsp;<\/p>\n<p>Categoria Absoluta Femen\u00ed<\/p>\n<p>1-\u00a0\u00a0\u00a0\u00a0\u00a0\u00a0\u00a0\u00a0 Teresa Rigau<\/p>\n<p>2-\u00a0\u00a0\u00a0\u00a0\u00a0\u00a0\u00a0\u00a0 Concha Manen<\/p>\n<p>3-\u00a0\u00a0\u00a0\u00a0\u00a0\u00a0\u00a0\u00a0 Laurie Paradis<\/p>\n<p>&nbsp;<\/p>\n<p>Categoria Absoluta Mascul\u00ed<\/p>\n<ul>\n<li>Curro Bult\u00f3<\/li>\n<li>Jaume Huges<\/li>\n<li>Philippe Paradis<\/li>\n<\/ul>\n<p>&nbsp;<\/p>\n<p><a href=\"http:\/\/www.conselharan.org\/wp-content\/uploads\/2018\/01\/IMG_2615.jpg\"><img loading=\"lazy\" decoding=\"async\" class=\"aligncenter size-large wp-image-20192\" src=\"http:\/\/www.conselharan.org\/wp-content\/uploads\/2018\/01\/IMG_2615-1024x683.jpg\" alt=\"\" width=\"1024\" height=\"683\" srcset=\"https:\/\/www.conselharan.org\/wp-content\/uploads\/2018\/01\/IMG_2615-1024x683.jpg 1024w, https:\/\/www.conselharan.org\/wp-content\/uploads\/2018\/01\/IMG_2615-300x200.jpg 300w, https:\/\/www.conselharan.org\/wp-content\/uploads\/2018\/01\/IMG_2615-768x512.jpg 768w\" sizes=\"(max-width: 1024px) 100vw, 1024px\" \/><\/a> <a href=\"http:\/\/www.conselharan.org\/wp-content\/uploads\/2018\/01\/IMG_2844.jpg\"><img loading=\"lazy\" decoding=\"async\" class=\"aligncenter size-large wp-image-20193\" src=\"http:\/\/www.conselharan.org\/wp-content\/uploads\/2018\/01\/IMG_2844-1024x683.jpg\" alt=\"\" width=\"1024\" height=\"683\" srcset=\"https:\/\/www.conselharan.org\/wp-content\/uploads\/2018\/01\/IMG_2844-1024x683.jpg 1024w, https:\/\/www.conselharan.org\/wp-content\/uploads\/2018\/01\/IMG_2844-300x200.jpg 300w, https:\/\/www.conselharan.org\/wp-content\/uploads\/2018\/01\/IMG_2844-768x512.jpg 768w\" sizes=\"(max-width: 1024px) 100vw, 1024px\" \/><\/a> <a href=\"http:\/\/www.conselharan.org\/wp-content\/uploads\/2018\/01\/IMG_3027.jpg\"><img loading=\"lazy\" decoding=\"async\" class=\"aligncenter size-large wp-image-20194\" src=\"http:\/\/www.conselharan.org\/wp-content\/uploads\/2018\/01\/IMG_3027-1024x683.jpg\" alt=\"\" width=\"1024\" height=\"683\" srcset=\"https:\/\/www.conselharan.org\/wp-content\/uploads\/2018\/01\/IMG_3027-1024x683.jpg 1024w, https:\/\/www.conselharan.org\/wp-content\/uploads\/2018\/01\/IMG_3027-300x200.jpg 300w, https:\/\/www.conselharan.org\/wp-content\/uploads\/2018\/01\/IMG_3027-768x512.jpg 768w\" sizes=\"(max-width: 1024px) 100vw, 1024px\" \/><\/a><\/p>\n ","protected":false},"excerpt":{"rendered":"<p>La 4\u00aa edici\u00f3 del\u00a0Duatl\u00f3\u00a0d&#8217;esqu\u00ed\u00a0CEVA\u00a0que s&#8217;ha celebrat aquest dijous a Beret amb la participaci\u00f3 de m\u00e9s d&#8217;un centenar d&#8217;esportistes entre totes les categories. El 4t Duatl\u00f3\u00a0CEVA\u00a0(esqu\u00ed alp\u00ed &#8211; esqu\u00ed de muntanya) i el Gegant, van comptar amb la participaci\u00f3 de tots els socis del Club\u00a0CEVA. La jornada festiva va acabar un any m\u00e9s amb la multitudin\u00e0ria&#8230;<\/p>\n","protected":false},"author":2,"featured_media":20191,"comment_status":"closed","ping_status":"closed","sticky":false,"template":"","format":"standard","meta":{"footnotes":""},"categories":[136],"tags":[],"_links":{"self":[{"href":"https:\/\/www.conselharan.org\/ca\/wp-json\/wp\/v2\/posts\/20196"}],"collection":[{"href":"https:\/\/www.conselharan.org\/ca\/wp-json\/wp\/v2\/posts"}],"about":[{"href":"https:\/\/www.conselharan.org\/ca\/wp-json\/wp\/v2\/types\/post"}],"author":[{"embeddable":true,"href":"https:\/\/www.conselharan.org\/ca\/wp-json\/wp\/v2\/users\/2"}],"replies":[{"embeddable":true,"href":"https:\/\/www.conselharan.org\/ca\/wp-json\/wp\/v2\/comments?post=20196"}],"version-history":[{"count":1,"href":"https:\/\/www.conselharan.org\/ca\/wp-json\/wp\/v2\/posts\/20196\/revisions"}],"predecessor-version":[{"id":20197,"href":"https:\/\/www.conselharan.org\/ca\/wp-json\/wp\/v2\/posts\/20196\/revisions\/20197"}],"wp:featuredmedia":[{"embeddable":true,"href":"https:\/\/www.conselharan.org\/ca\/wp-json\/wp\/v2\/media\/20191"}],"wp:attachment":[{"href":"https:\/\/www.conselharan.org\/ca\/wp-json\/wp\/v2\/media?parent=20196"}],"wp:term":[{"taxonomy":"category","embeddable":true,"href":"https:\/\/www.conselharan.org\/ca\/wp-json\/wp\/v2\/categories?post=20196"},{"taxonomy":"post_tag","embeddable":true,"href":"https:\/\/www.conselharan.org\/ca\/wp-json\/wp\/v2\/tags?post=20196"}],"curies":[{"name":"wp","href":"https:\/\/api.w.org\/{rel}","templated":true}]}}