{"id":20346,"date":"2018-01-18T18:30:52","date_gmt":"2018-01-18T17:30:52","guid":{"rendered":"http:\/\/www.conselharan.org\/?p=20346"},"modified":"2018-01-18T18:31:07","modified_gmt":"2018-01-18T17:31:07","slug":"la-val-daran-presenta-la-seva-oferta-turistica-a-fitur-2018","status":"publish","type":"post","link":"https:\/\/www.conselharan.org\/ca\/la-val-daran-presenta-la-seva-oferta-turistica-a-fitur-2018\/","title":{"rendered":"La Val d\u2019Aran presenta la seva oferta tur\u00edstica a FITUR 2018"},"content":{"rendered":"<p>Vielha, 18 de gener de 2018.- des d\u2019ahir i fins el dia 21 de gener la Val d\u2019Aran presenta la seva oferta tur\u00edstica a la 38\u00aa edici\u00f3 de la fira internacional del turisme FITUR, el punt de trobada global per als professionals del turisme i la fira l\u00edder per als mercats receptius i emissors.<\/p>\n<p><a href=\"http:\/\/www.conselharan.org\/wp-content\/uploads\/2018\/01\/WhatsApp-Image-2018-01-17-at-15.20.16.jpeg\"><img loading=\"lazy\" decoding=\"async\" class=\"aligncenter size-large wp-image-20342\" src=\"http:\/\/www.conselharan.org\/wp-content\/uploads\/2018\/01\/WhatsApp-Image-2018-01-17-at-15.20.16-1024x768.jpeg\" alt=\"\" width=\"1024\" height=\"768\" srcset=\"https:\/\/www.conselharan.org\/wp-content\/uploads\/2018\/01\/WhatsApp-Image-2018-01-17-at-15.20.16.jpeg 1024w, https:\/\/www.conselharan.org\/wp-content\/uploads\/2018\/01\/WhatsApp-Image-2018-01-17-at-15.20.16-300x225.jpeg 300w, https:\/\/www.conselharan.org\/wp-content\/uploads\/2018\/01\/WhatsApp-Image-2018-01-17-at-15.20.16-768x576.jpeg 768w\" sizes=\"(max-width: 1024px) 100vw, 1024px\" \/><\/a><\/p>\n<p>La Val d\u2019Aran participa a la fira dins l\u2019estand de Catalunya de l\u2019Ag\u00e8ncia Catalana de Turisme.<\/p>\n<p><strong>El Parlament Europeu ha declarat 2018 com a Any Europeu del Patrimoni Cultural. <\/strong>Aprofitant la centralitat que la cultura t\u00e9 aquest 2018 per declarar l\u2019Any del Turisme Cultural 2018, amb el repte de propiciar que el turisme posi en valor la cultura i el patrimoni cultural, tant material com immaterial, la Val d\u2019Aran i l\u2019Ag\u00e8ncia Catalana de Turisme volen potenciar al m\u00e0xim la singularitat de la cultura per atraure turisme familiar, d\u2019aventura o de negocis.<\/p>\n<p>La conselh\u00e8ra de Turisme, <strong>Anna D\u00edaz<\/strong>, ha explicat que com a novetats de la Val d\u2019Aran a FITUR 2018 es presentar\u00e0 el nou Centre d\u2019Interpretaci\u00f3 de la Natura que juntament amb el Refugi de l\u2019Artiga de Lin, refor\u00e7aran aquest indret emblem\u00e0tic de la Val d\u2019Aran amb la natura com a principal reclam tur\u00edstic, i tamb\u00e9 el Centre d\u2019Interpretaci\u00f3 de les Festes del Foc a Les, en el que s\u2019est\u00e0 treballant per poder tenir-lo a punt per Sant Joan.<\/p>\n<p>Anna D\u00edaz, ha destacat un cop m\u00e9s que \u201camb la implantaci\u00f3 del Sistema de Turisme Responsable i l\u2019obtenci\u00f3 del certificat Biosphere, la Val d\u2019Aran continua avan\u00e7ant cap a un nou model de desenvolupament tur\u00edstic basat en els principis de la sostenibilitat, la diversitat cultural i la responsabilitat social, la qual cosa contribueix al fet que la Val d\u2019Aran sigui una destinaci\u00f3 tur\u00edstica basada en el respecte i la promoci\u00f3 del seu ric patrimoni i de la seva cultura junt amb el medi ambient i la responsabilitat\u201d.<\/p>\n ","protected":false},"excerpt":{"rendered":"<p>Vielha, 18 de gener de 2018.- des d\u2019ahir i fins el dia 21 de gener la Val d\u2019Aran presenta la seva oferta tur\u00edstica a la 38\u00aa edici\u00f3 de la fira internacional del turisme FITUR, el punt de trobada global per als professionals del turisme i la fira l\u00edder per als mercats receptius i emissors. La&#8230;<\/p>\n","protected":false},"author":2,"featured_media":20342,"comment_status":"closed","ping_status":"closed","sticky":false,"template":"","format":"standard","meta":{"footnotes":""},"categories":[36,139],"tags":[],"_links":{"self":[{"href":"https:\/\/www.conselharan.org\/ca\/wp-json\/wp\/v2\/posts\/20346"}],"collection":[{"href":"https:\/\/www.conselharan.org\/ca\/wp-json\/wp\/v2\/posts"}],"about":[{"href":"https:\/\/www.conselharan.org\/ca\/wp-json\/wp\/v2\/types\/post"}],"author":[{"embeddable":true,"href":"https:\/\/www.conselharan.org\/ca\/wp-json\/wp\/v2\/users\/2"}],"replies":[{"embeddable":true,"href":"https:\/\/www.conselharan.org\/ca\/wp-json\/wp\/v2\/comments?post=20346"}],"version-history":[{"count":2,"href":"https:\/\/www.conselharan.org\/ca\/wp-json\/wp\/v2\/posts\/20346\/revisions"}],"predecessor-version":[{"id":20348,"href":"https:\/\/www.conselharan.org\/ca\/wp-json\/wp\/v2\/posts\/20346\/revisions\/20348"}],"wp:featuredmedia":[{"embeddable":true,"href":"https:\/\/www.conselharan.org\/ca\/wp-json\/wp\/v2\/media\/20342"}],"wp:attachment":[{"href":"https:\/\/www.conselharan.org\/ca\/wp-json\/wp\/v2\/media?parent=20346"}],"wp:term":[{"taxonomy":"category","embeddable":true,"href":"https:\/\/www.conselharan.org\/ca\/wp-json\/wp\/v2\/categories?post=20346"},{"taxonomy":"post_tag","embeddable":true,"href":"https:\/\/www.conselharan.org\/ca\/wp-json\/wp\/v2\/tags?post=20346"}],"curies":[{"name":"wp","href":"https:\/\/api.w.org\/{rel}","templated":true}]}}