{"id":20379,"date":"2018-01-19T17:25:43","date_gmt":"2018-01-19T16:25:43","guid":{"rendered":"http:\/\/www.conselharan.org\/?p=20379"},"modified":"2018-01-19T17:25:43","modified_gmt":"2018-01-19T16:25:43","slug":"comenca-lestudi-de-contaminacio-acustica-a-la-n-230","status":"publish","type":"post","link":"https:\/\/www.conselharan.org\/ca\/comenca-lestudi-de-contaminacio-acustica-a-la-n-230\/","title":{"rendered":"Comen\u00e7a l\u2019estudi de contaminaci\u00f3 ac\u00fastica a la N-230"},"content":{"rendered":"<p>Vielha, 19 de gener de 2018.- El Conselh Generau d\u2019Aran ha comen\u00e7at aquesta setmana els treballs d\u2019elaboraci\u00f3 de l\u2019estudi que porten a terme t\u00e8cnics de la Direcci\u00f3 General de Qualitat Ambiental i Canvi Clim\u00e0tic de la Generalitat de Catalunya, sobre la contaminaci\u00f3 ac\u00fastica de la N-230 al seu pas per l\u2019Aran.<\/p>\n<p><a href=\"http:\/\/www.conselharan.org\/wp-content\/uploads\/2018\/01\/Sonometre.jpg\"><img loading=\"lazy\" decoding=\"async\" class=\"aligncenter size-large wp-image-20374\" src=\"http:\/\/www.conselharan.org\/wp-content\/uploads\/2018\/01\/Sonometre-1024x768.jpg\" alt=\"\" width=\"1024\" height=\"768\" srcset=\"https:\/\/www.conselharan.org\/wp-content\/uploads\/2018\/01\/Sonometre-1024x768.jpg 1024w, https:\/\/www.conselharan.org\/wp-content\/uploads\/2018\/01\/Sonometre-300x225.jpg 300w, https:\/\/www.conselharan.org\/wp-content\/uploads\/2018\/01\/Sonometre-768x576.jpg 768w\" sizes=\"(max-width: 1024px) 100vw, 1024px\" \/><\/a><\/p>\n<p>Aquest estudi respon com va anunciar el sindic d\u2019Aran, <strong>Carlos Barrera<\/strong>, al fet que cada dia circulen per aquesta carretera uns 600 vehicles de transport pesat. Actualment el tr\u00e0nsit de camions per la N-230 est\u00e0 restringit per les obres que s\u2019estan fent a la carretera N-125 (RD44) a Fran\u00e7a als seu pas per la poblaci\u00f3 de Saint B\u00e9at.<\/p>\n<p>El s\u00edndic d\u2019Aran, va explicar que l\u2019estudi es far\u00e0 en dues fases, la primera sense transit de camions i l\u2019altra amb el transit de dies habituals.<\/p>\n<p>Per portar a terme els mesuraments s\u2019ha instal\u00b7lat un son\u00f2metre de mesurament ac\u00fastic a l\u2019al\u00e7ada d\u2019Aub\u00e8rt a la N-230. Una acci\u00f3 que forma part de l&#8217;Estudi Mediambiental que realitza el Conselh Generau d\u2019Aran, per analitzar l&#8217;emissi\u00f3 gasos i la contaminaci\u00f3 ac\u00fastica de la carretera.<\/p>\n<p>Els resultats del primer mesurament es comparar\u00e0 amb un segon que es realitzar\u00e0 quan el tr\u00e0fic de camions en la N-230 sigui restablert a Saint B\u00e9at. Cal recordar que el transit als vehicles de m\u00e9s de 8,5m de llargada es interromput en aquesta poblaci\u00f3 francesa des del dia 14 de desembre de 2017, fins a mitjans de febrer d\u2019enguany.<\/p>\n<p><a href=\"http:\/\/www.conselharan.org\/wp-content\/uploads\/2018\/01\/Sonometre2.jpg\"><img loading=\"lazy\" decoding=\"async\" class=\"aligncenter size-large wp-image-20375\" src=\"http:\/\/www.conselharan.org\/wp-content\/uploads\/2018\/01\/Sonometre2-1024x768.jpg\" alt=\"\" width=\"1024\" height=\"768\" srcset=\"https:\/\/www.conselharan.org\/wp-content\/uploads\/2018\/01\/Sonometre2-1024x768.jpg 1024w, https:\/\/www.conselharan.org\/wp-content\/uploads\/2018\/01\/Sonometre2-300x225.jpg 300w, https:\/\/www.conselharan.org\/wp-content\/uploads\/2018\/01\/Sonometre2-768x576.jpg 768w\" sizes=\"(max-width: 1024px) 100vw, 1024px\" \/><\/a><\/p>\n ","protected":false},"excerpt":{"rendered":"<p>Vielha, 19 de gener de 2018.- El Conselh Generau d\u2019Aran ha comen\u00e7at aquesta setmana els treballs d\u2019elaboraci\u00f3 de l\u2019estudi que porten a terme t\u00e8cnics de la Direcci\u00f3 General de Qualitat Ambiental i Canvi Clim\u00e0tic de la Generalitat de Catalunya, sobre la contaminaci\u00f3 ac\u00fastica de la N-230 al seu pas per l\u2019Aran. Aquest estudi respon com&#8230;<\/p>\n","protected":false},"author":2,"featured_media":20374,"comment_status":"closed","ping_status":"closed","sticky":false,"template":"","format":"standard","meta":{"footnotes":""},"categories":[53],"tags":[],"_links":{"self":[{"href":"https:\/\/www.conselharan.org\/ca\/wp-json\/wp\/v2\/posts\/20379"}],"collection":[{"href":"https:\/\/www.conselharan.org\/ca\/wp-json\/wp\/v2\/posts"}],"about":[{"href":"https:\/\/www.conselharan.org\/ca\/wp-json\/wp\/v2\/types\/post"}],"author":[{"embeddable":true,"href":"https:\/\/www.conselharan.org\/ca\/wp-json\/wp\/v2\/users\/2"}],"replies":[{"embeddable":true,"href":"https:\/\/www.conselharan.org\/ca\/wp-json\/wp\/v2\/comments?post=20379"}],"version-history":[{"count":1,"href":"https:\/\/www.conselharan.org\/ca\/wp-json\/wp\/v2\/posts\/20379\/revisions"}],"predecessor-version":[{"id":20380,"href":"https:\/\/www.conselharan.org\/ca\/wp-json\/wp\/v2\/posts\/20379\/revisions\/20380"}],"wp:featuredmedia":[{"embeddable":true,"href":"https:\/\/www.conselharan.org\/ca\/wp-json\/wp\/v2\/media\/20374"}],"wp:attachment":[{"href":"https:\/\/www.conselharan.org\/ca\/wp-json\/wp\/v2\/media?parent=20379"}],"wp:term":[{"taxonomy":"category","embeddable":true,"href":"https:\/\/www.conselharan.org\/ca\/wp-json\/wp\/v2\/categories?post=20379"},{"taxonomy":"post_tag","embeddable":true,"href":"https:\/\/www.conselharan.org\/ca\/wp-json\/wp\/v2\/tags?post=20379"}],"curies":[{"name":"wp","href":"https:\/\/api.w.org\/{rel}","templated":true}]}}