{"id":20388,"date":"2018-01-19T18:27:46","date_gmt":"2018-01-19T17:27:46","guid":{"rendered":"http:\/\/www.conselharan.org\/?p=20388"},"modified":"2018-01-19T18:27:46","modified_gmt":"2018-01-19T17:27:46","slug":"presenten-el-dictamen-sobre-labast-juridic-del-dret-a-decidir-de-la-val-daran","status":"publish","type":"post","link":"https:\/\/www.conselharan.org\/ca\/presenten-el-dictamen-sobre-labast-juridic-del-dret-a-decidir-de-la-val-daran\/","title":{"rendered":"Presenten el dictamen sobre l\u2019abast jur\u00eddic del dret a decidir de la Val d\u2019Aran"},"content":{"rendered":"<p>Vielha, 19 de gener de 2018.- Els conselh\u00e8rs del Ple del Conselh Generau d\u2019Aran han assistit a la presentaci\u00f3 del dictamen sobre l\u2019abast jur\u00eddic del dret a decidir reconegut en la Disposici\u00f3 Addicional Primera de la Llei 1\/2015, de 5 de febrer, del r\u00e8gim especial d\u2019Aran.<\/p>\n<p><a href=\"http:\/\/www.conselharan.org\/wp-content\/uploads\/2018\/01\/IMG_0059.jpg\"><img loading=\"lazy\" decoding=\"async\" class=\"aligncenter size-large wp-image-20383\" src=\"http:\/\/www.conselharan.org\/wp-content\/uploads\/2018\/01\/IMG_0059-1024x768.jpg\" alt=\"\" width=\"1024\" height=\"768\" srcset=\"https:\/\/www.conselharan.org\/wp-content\/uploads\/2018\/01\/IMG_0059-1024x768.jpg 1024w, https:\/\/www.conselharan.org\/wp-content\/uploads\/2018\/01\/IMG_0059-300x225.jpg 300w, https:\/\/www.conselharan.org\/wp-content\/uploads\/2018\/01\/IMG_0059-768x576.jpg 768w\" sizes=\"(max-width: 1024px) 100vw, 1024px\" \/><\/a><\/p>\n<p>El dictamen ha estat elaborat per <strong>Alfredo Gal\u00e1n<\/strong>, Catedr\u00e0tic de Dret Administratiu de la Universitat de Barcelona i per <strong>Eduard Roig<\/strong>, Catedr\u00e0tic de Dret Constitucional de la Universitat de Barcelona, en resposta a la petici\u00f3 feta per part del Conselh Generau d\u2019Aran sobre aquesta q\u00fcesti\u00f3.<\/p>\n<p>Pel que fa a les conclusions dels professors, Alfredo Gal\u00e1n, ha explicat que el dret a decidir del poble aran\u00e8s ja est\u00e0 plasmat en la mateixa Llei especial de r\u00e8gim especial d\u2019Aran, destacant-ne la seva originalitat ja que \u00e9s el primer cop que en un text normatiu es reconeix amb aquesta terminologia el dret a decidir. Els experts conclouen tamb\u00e9 que el dret a decidir incl\u00f2s a la Llei d\u2019Aran, \u00e9s tamb\u00e9 garantia, ja que impedeix que es modifiqui el r\u00e8gim especial si no hi ha intervenci\u00f3 pr\u00e8via de les pr\u00f2pies institucions araneses. De cara al futur, significa la possibilitat que te el poble d\u2019Aran de proposar la millora del seu autogovern, sempre amb el l\u00edmit clar del respecte als procediments establerts per a la reforma de les normes.<\/p>\n<p><iframe loading=\"lazy\" src=\"https:\/\/www.youtube.com\/embed\/TnEScv55ZGw\" width=\"560\" height=\"315\" frameborder=\"0\" allowfullscreen=\"allowfullscreen\"><\/iframe><br \/>\nGal\u00e1n ha explicat tamb\u00e9 que el dret a decidir reconegut a la Llei d\u2019Aran, te efic\u00e0cia front a la comunitat aut\u00f2noma que ha reconegut aquest dret, que en el cas de la Val d\u2019Aran , \u00e9s el Parlament de Catalunya.<\/p>\n<p>Per la seva part, el sindic d\u2019Aran, <strong>Carlos Barrera<\/strong>, ha explicat que el dictamen ha estat encarregat pel Conselh Generau d\u2019Aran per aclarir qu\u00e8 vol dir en termes jur\u00eddics el dret a decidir del poble aran\u00e8s. Afegint que actualment el dret a decidir del poble aran\u00e8s, \u00e9s emmarcat exclusivament dins l\u2019\u00e0mbit territorial i administratiu del Parlament de Catalunya.<\/p>\n<p>Finalment, Carlos Barrera, ha explicat que se\u2019ls ha encarregat als mateixos Catedr\u00e0tics Alfredo Gal\u00e1n i Eduard Roig, un segon dictamen sobre el dret a decidir del poble aran\u00e8s, en el marc d\u2019una possible futura revisi\u00f3 o reforma de la Constituci\u00f3 Espanyola.<\/p>\n<p>&nbsp;<\/p>\n<p>&nbsp;<\/p>\n ","protected":false},"excerpt":{"rendered":"<p>Vielha, 19 de gener de 2018.- Els conselh\u00e8rs del Ple del Conselh Generau d\u2019Aran han assistit a la presentaci\u00f3 del dictamen sobre l\u2019abast jur\u00eddic del dret a decidir reconegut en la Disposici\u00f3 Addicional Primera de la Llei 1\/2015, de 5 de febrer, del r\u00e8gim especial d\u2019Aran. El dictamen ha estat elaborat per Alfredo Gal\u00e1n, Catedr\u00e0tic&#8230;<\/p>\n","protected":false},"author":2,"featured_media":20383,"comment_status":"closed","ping_status":"closed","sticky":false,"template":"","format":"standard","meta":{"footnotes":""},"categories":[53,36],"tags":[],"_links":{"self":[{"href":"https:\/\/www.conselharan.org\/ca\/wp-json\/wp\/v2\/posts\/20388"}],"collection":[{"href":"https:\/\/www.conselharan.org\/ca\/wp-json\/wp\/v2\/posts"}],"about":[{"href":"https:\/\/www.conselharan.org\/ca\/wp-json\/wp\/v2\/types\/post"}],"author":[{"embeddable":true,"href":"https:\/\/www.conselharan.org\/ca\/wp-json\/wp\/v2\/users\/2"}],"replies":[{"embeddable":true,"href":"https:\/\/www.conselharan.org\/ca\/wp-json\/wp\/v2\/comments?post=20388"}],"version-history":[{"count":1,"href":"https:\/\/www.conselharan.org\/ca\/wp-json\/wp\/v2\/posts\/20388\/revisions"}],"predecessor-version":[{"id":20389,"href":"https:\/\/www.conselharan.org\/ca\/wp-json\/wp\/v2\/posts\/20388\/revisions\/20389"}],"wp:featuredmedia":[{"embeddable":true,"href":"https:\/\/www.conselharan.org\/ca\/wp-json\/wp\/v2\/media\/20383"}],"wp:attachment":[{"href":"https:\/\/www.conselharan.org\/ca\/wp-json\/wp\/v2\/media?parent=20388"}],"wp:term":[{"taxonomy":"category","embeddable":true,"href":"https:\/\/www.conselharan.org\/ca\/wp-json\/wp\/v2\/categories?post=20388"},{"taxonomy":"post_tag","embeddable":true,"href":"https:\/\/www.conselharan.org\/ca\/wp-json\/wp\/v2\/tags?post=20388"}],"curies":[{"name":"wp","href":"https:\/\/api.w.org\/{rel}","templated":true}]}}