{"id":20509,"date":"2018-02-01T12:50:13","date_gmt":"2018-02-01T11:50:13","guid":{"rendered":"http:\/\/www.conselharan.org\/?p=20509"},"modified":"2018-02-01T12:50:13","modified_gmt":"2018-02-01T11:50:13","slug":"exposicio-7-artistes-internacionals-a-aran-a-sant-joan-darties","status":"publish","type":"post","link":"https:\/\/www.conselharan.org\/ca\/exposicio-7-artistes-internacionals-a-aran-a-sant-joan-darties\/","title":{"rendered":"Exposici\u00f3 \u201c7 Artistes Internacionals a Aran\u201d a Sant Joan d\u2019Arties"},"content":{"rendered":"<p><strong>La nova exposici\u00f3 a Sant Joan d\u2019Arties (Museu de la Val d\u2019Aran) s\u2019inaugura aquest divendres 2 de febrer a les 19 hores<\/strong><\/p>\n<p><a href=\"http:\/\/www.conselharan.org\/wp-content\/uploads\/2018\/02\/cartell-horitzontal-expo-febrer-2018-2.jpg\"><img loading=\"lazy\" decoding=\"async\" class=\"aligncenter size-large wp-image-20507\" src=\"http:\/\/www.conselharan.org\/wp-content\/uploads\/2018\/02\/cartell-horitzontal-expo-febrer-2018-2-1024x724.jpg\" alt=\"\" width=\"1024\" height=\"724\" srcset=\"https:\/\/www.conselharan.org\/wp-content\/uploads\/2018\/02\/cartell-horitzontal-expo-febrer-2018-2-1024x724.jpg 1024w, https:\/\/www.conselharan.org\/wp-content\/uploads\/2018\/02\/cartell-horitzontal-expo-febrer-2018-2-300x212.jpg 300w, https:\/\/www.conselharan.org\/wp-content\/uploads\/2018\/02\/cartell-horitzontal-expo-febrer-2018-2-768x543.jpg 768w\" sizes=\"(max-width: 1024px) 100vw, 1024px\" \/><\/a><\/p>\n<p>Vielha, 1 de febrer de 2018.- L&#8217;esgl\u00e9sia de Sant Joan d\u2019Arties acollir\u00e0 una mostra de pintura organitzada pel Museu de la Val d\u2019Aran (Conselh Generau d\u2019Aran) amb el suport del Institut d\u2019Estudis Ilerdencs (Diputaci\u00f3 de Lleida), que comptar\u00e0 amb una cinquantena d\u2019obres de set reconeguts artistes contemporanis d\u2019origen afric\u00e0, franc\u00e8s i espanyol. Aquests van exposar conjuntament el 2016 a Ni\u00e7a, en una exposici\u00f3 de gran ress\u00f2: Rendez-vous d\u2019Artistes en Negresco.<\/p>\n<p>Enguany, han escollit la Val d\u2019Aran sedu\u00efts per la caracter\u00edstica d\u2019aquest territori i cal remarcar que moltes de les seves obres han estat creades per poder-les presentar en motiu d\u2019aquesta exposici\u00f3.<\/p>\n<p>D\u2019influ\u00e8ncies i estils ben diversos, els pintors contemporanis tenen el denominador com\u00fa de crear pintura figurativa, feta amb gran mestria de les formes i de tem\u00e0tica familiar per tot tipus de p\u00fablic.<\/p>\n<p><strong>Stefan Rossouw<\/strong>, nascut a Nam\u00edbia, \u00e9s un mestre del dibuix i del contrallum, clarament influenciat per Caravaggio. <strong>St\u00e9phane Salle<\/strong>, metge i pintor emergent, coneix a la perfecci\u00f3 l\u2019anatomia humana i aix\u00ed ho demostra en les seves obres de tem\u00e0tica cl\u00e0ssica. Tamb\u00e9 centrant l\u2019atenci\u00f3 en la figura humana, <strong>Jean-Jacques Dumur<\/strong>, <strong>Miguel Francisco Garc\u00eda-D\u00edez i Christiane Loze<\/strong>, traspassen el pla f\u00edsic per aprofundir en els estats an\u00edmics i en l&#8217;inconscient. Per altra banda, <strong>Anne-Marie Teisseire<\/strong> s\u2019interessa per la natura, amb delicadesa i gran mestria dels colors. Al capdavall, <strong>Joan Vilarrubias<\/strong> \u00e9s un pintor hiperrealista capa\u00e7 de superar tots els detalls que podria mostrar una fotografia.<\/p>\n<p>L&#8217;exposici\u00f3 podr\u00e0 visitar-se <strong>del 3 de febrer fins al 3 de mar\u00e7 a l&#8217;esgl\u00e9sia de Sant Joan d\u2019Arties, de dilluns a dissabte de 17 fins a les 20 hores. <\/strong><\/p>\n<p><strong>\u00a0<\/strong><\/p>\n ","protected":false},"excerpt":{"rendered":"<p>La nova exposici\u00f3 a Sant Joan d\u2019Arties (Museu de la Val d\u2019Aran) s\u2019inaugura aquest divendres 2 de febrer a les 19 hores Vielha, 1 de febrer de 2018.- L&#8217;esgl\u00e9sia de Sant Joan d\u2019Arties acollir\u00e0 una mostra de pintura organitzada pel Museu de la Val d\u2019Aran (Conselh Generau d\u2019Aran) amb el suport del Institut d\u2019Estudis Ilerdencs&#8230;<\/p>\n","protected":false},"author":2,"featured_media":20507,"comment_status":"closed","ping_status":"closed","sticky":false,"template":"","format":"standard","meta":{"footnotes":""},"categories":[33],"tags":[],"_links":{"self":[{"href":"https:\/\/www.conselharan.org\/ca\/wp-json\/wp\/v2\/posts\/20509"}],"collection":[{"href":"https:\/\/www.conselharan.org\/ca\/wp-json\/wp\/v2\/posts"}],"about":[{"href":"https:\/\/www.conselharan.org\/ca\/wp-json\/wp\/v2\/types\/post"}],"author":[{"embeddable":true,"href":"https:\/\/www.conselharan.org\/ca\/wp-json\/wp\/v2\/users\/2"}],"replies":[{"embeddable":true,"href":"https:\/\/www.conselharan.org\/ca\/wp-json\/wp\/v2\/comments?post=20509"}],"version-history":[{"count":1,"href":"https:\/\/www.conselharan.org\/ca\/wp-json\/wp\/v2\/posts\/20509\/revisions"}],"predecessor-version":[{"id":20510,"href":"https:\/\/www.conselharan.org\/ca\/wp-json\/wp\/v2\/posts\/20509\/revisions\/20510"}],"wp:featuredmedia":[{"embeddable":true,"href":"https:\/\/www.conselharan.org\/ca\/wp-json\/wp\/v2\/media\/20507"}],"wp:attachment":[{"href":"https:\/\/www.conselharan.org\/ca\/wp-json\/wp\/v2\/media?parent=20509"}],"wp:term":[{"taxonomy":"category","embeddable":true,"href":"https:\/\/www.conselharan.org\/ca\/wp-json\/wp\/v2\/categories?post=20509"},{"taxonomy":"post_tag","embeddable":true,"href":"https:\/\/www.conselharan.org\/ca\/wp-json\/wp\/v2\/tags?post=20509"}],"curies":[{"name":"wp","href":"https:\/\/api.w.org\/{rel}","templated":true}]}}