{"id":20540,"date":"2018-02-02T14:04:23","date_gmt":"2018-02-02T13:04:23","guid":{"rendered":"http:\/\/www.conselharan.org\/?p=20540"},"modified":"2018-02-02T15:05:51","modified_gmt":"2018-02-02T14:05:51","slug":"el-conselh-generau-millora-el-cami-veinal-dacces-al-nucli-darres-de-sus-des-de-bossost","status":"publish","type":"post","link":"https:\/\/www.conselharan.org\/ca\/el-conselh-generau-millora-el-cami-veinal-dacces-al-nucli-darres-de-sus-des-de-bossost\/","title":{"rendered":"El Conselh Generau millora el cam\u00ed ve\u00efnal d\u2019acc\u00e9s al nucli d\u2019Arres de Sus des de Boss\u00f2st"},"content":{"rendered":"<p>Vielha, 2 de febrer de 2018.- <strong>El Conselh Generau d\u2019Aran ha destinat 50.000 \u20ac<\/strong> als treballs de millora del cam\u00ed ve\u00efnal d\u2019acc\u00e9s al nucli d\u2019Arres de Sus des del nucli de Boss\u00f2st.<\/p>\n<p>Els treballs consistir\u00e0n en l\u2019arranjament de dos trams del cam\u00ed ve\u00efnal, el primer que s\u2019inicia al <strong>carrer d\u2019Arres fins al creuament amb la pista forestal deth B\u00f2sc Ombr\u00e8r<\/strong>, i el segon, el <strong>tram del cam\u00ed ve\u00efnal entre el creuament de la pista Margalida fins al creuament amb la pista forestal deth B\u00f2sc Ombr\u00e8r.<\/strong><\/p>\n<p>Els trams del cam\u00ed presentaven el ferm asfaltat amb molt desgast, forats i esquerdes, provocats per l\u2019aigua que han accelerat el deteriorament. L\u2019actuaci\u00f3 ha consistit en la reparaci\u00f3 de l\u2019asfaltat del cam\u00ed, del paviment de l\u2019interior d\u2019algunes corbes i l\u2019estabilitzaci\u00f3 de dos esfondraments en que s\u2019ha fet una excavaci\u00f3 de llargada de dos metres i fond\u00e0ria tres metres en el primer i de set metres i fond\u00e0ria de tres metres el segon, per assentar l\u2019escullera amb blocs de pedra gran\u00edtica de 800 a 1200 kg de pes, col\u00b7locats amb pala carregadora.<\/p>\n<p><a href=\"http:\/\/www.conselharan.org\/wp-content\/uploads\/2018\/02\/bossost1.jpg\"><img loading=\"lazy\" decoding=\"async\" class=\"aligncenter size-full wp-image-20538\" src=\"http:\/\/www.conselharan.org\/wp-content\/uploads\/2018\/02\/bossost1.jpg\" alt=\"\" width=\"933\" height=\"829\" srcset=\"https:\/\/www.conselharan.org\/wp-content\/uploads\/2018\/02\/bossost1.jpg 933w, https:\/\/www.conselharan.org\/wp-content\/uploads\/2018\/02\/bossost1-300x267.jpg 300w, https:\/\/www.conselharan.org\/wp-content\/uploads\/2018\/02\/bossost1-768x682.jpg 768w\" sizes=\"(max-width: 933px) 100vw, 933px\" \/><\/a> <a href=\"http:\/\/www.conselharan.org\/wp-content\/uploads\/2018\/02\/arres.jpg\"><img loading=\"lazy\" decoding=\"async\" class=\"aligncenter size-full wp-image-20537\" src=\"http:\/\/www.conselharan.org\/wp-content\/uploads\/2018\/02\/arres.jpg\" alt=\"\" width=\"864\" height=\"647\" srcset=\"https:\/\/www.conselharan.org\/wp-content\/uploads\/2018\/02\/arres.jpg 864w, https:\/\/www.conselharan.org\/wp-content\/uploads\/2018\/02\/arres-300x225.jpg 300w, https:\/\/www.conselharan.org\/wp-content\/uploads\/2018\/02\/arres-768x575.jpg 768w\" sizes=\"(max-width: 864px) 100vw, 864px\" \/><\/a><\/p>\n<p>&nbsp;<\/p>\n ","protected":false},"excerpt":{"rendered":"<p>Vielha, 2 de febrer de 2018.- El Conselh Generau d\u2019Aran ha destinat 50.000 \u20ac als treballs de millora del cam\u00ed ve\u00efnal d\u2019acc\u00e9s al nucli d\u2019Arres de Sus des del nucli de Boss\u00f2st. Els treballs consistir\u00e0n en l\u2019arranjament de dos trams del cam\u00ed ve\u00efnal, el primer que s\u2019inicia al carrer d\u2019Arres fins al creuament amb la&#8230;<\/p>\n","protected":false},"author":2,"featured_media":20538,"comment_status":"closed","ping_status":"closed","sticky":false,"template":"","format":"standard","meta":{"footnotes":""},"categories":[53],"tags":[],"_links":{"self":[{"href":"https:\/\/www.conselharan.org\/ca\/wp-json\/wp\/v2\/posts\/20540"}],"collection":[{"href":"https:\/\/www.conselharan.org\/ca\/wp-json\/wp\/v2\/posts"}],"about":[{"href":"https:\/\/www.conselharan.org\/ca\/wp-json\/wp\/v2\/types\/post"}],"author":[{"embeddable":true,"href":"https:\/\/www.conselharan.org\/ca\/wp-json\/wp\/v2\/users\/2"}],"replies":[{"embeddable":true,"href":"https:\/\/www.conselharan.org\/ca\/wp-json\/wp\/v2\/comments?post=20540"}],"version-history":[{"count":2,"href":"https:\/\/www.conselharan.org\/ca\/wp-json\/wp\/v2\/posts\/20540\/revisions"}],"predecessor-version":[{"id":20547,"href":"https:\/\/www.conselharan.org\/ca\/wp-json\/wp\/v2\/posts\/20540\/revisions\/20547"}],"wp:featuredmedia":[{"embeddable":true,"href":"https:\/\/www.conselharan.org\/ca\/wp-json\/wp\/v2\/media\/20538"}],"wp:attachment":[{"href":"https:\/\/www.conselharan.org\/ca\/wp-json\/wp\/v2\/media?parent=20540"}],"wp:term":[{"taxonomy":"category","embeddable":true,"href":"https:\/\/www.conselharan.org\/ca\/wp-json\/wp\/v2\/categories?post=20540"},{"taxonomy":"post_tag","embeddable":true,"href":"https:\/\/www.conselharan.org\/ca\/wp-json\/wp\/v2\/tags?post=20540"}],"curies":[{"name":"wp","href":"https:\/\/api.w.org\/{rel}","templated":true}]}}