{"id":20581,"date":"2018-02-06T23:38:41","date_gmt":"2018-02-06T22:38:41","guid":{"rendered":"http:\/\/www.conselharan.org\/?p=20581"},"modified":"2018-02-06T23:38:41","modified_gmt":"2018-02-06T22:38:41","slug":"curs-avancat-de-rescat-en-allaus-per-a-formadors-organitzat-pel-conselh-generau-daran","status":"publish","type":"post","link":"https:\/\/www.conselharan.org\/ca\/curs-avancat-de-rescat-en-allaus-per-a-formadors-organitzat-pel-conselh-generau-daran\/","title":{"rendered":"Curs avan\u00e7at de rescat en allaus per a formadors organitzat pel Conselh Generau d\u2019Aran"},"content":{"rendered":"<p>Vielha, 6 de febrer de 2018.- El <strong>Conselh Generau d\u2019Aran<\/strong> a trav\u00e9s del <strong>Centre de<\/strong> <strong>Predicci\u00f3 d\u2019allaus de la Val d\u2019Aran<\/strong> i en col\u00b7laboraci\u00f3 amb <strong>Baqueira Beret<\/strong>, organitza entre els <strong>dies 5 i 8 de febrer de 2018<\/strong> un curs avan\u00e7at de rescat en allaus per a formadors, impartit per un dels millors especialistes a nivell mundial en t\u00e8cniques de rescat en allaus com \u00e9s <strong>Manuel Genswein<\/strong>, amb l\u2019objectiu que es puguin preparar per actuar com a formadors d\u2019altres t\u00e8cnics i professionals en aquest \u00e0mbit de treball.<\/p>\n<p><a href=\"http:\/\/www.conselharan.org\/wp-content\/uploads\/2018\/02\/27624574_1974670715896109_5237315023090135735_o.jpg\"><img loading=\"lazy\" decoding=\"async\" class=\"aligncenter size-large wp-image-20576\" src=\"http:\/\/www.conselharan.org\/wp-content\/uploads\/2018\/02\/27624574_1974670715896109_5237315023090135735_o-1024x768.jpg\" alt=\"\" width=\"1024\" height=\"768\" srcset=\"https:\/\/www.conselharan.org\/wp-content\/uploads\/2018\/02\/27624574_1974670715896109_5237315023090135735_o.jpg 1024w, https:\/\/www.conselharan.org\/wp-content\/uploads\/2018\/02\/27624574_1974670715896109_5237315023090135735_o-300x225.jpg 300w, https:\/\/www.conselharan.org\/wp-content\/uploads\/2018\/02\/27624574_1974670715896109_5237315023090135735_o-768x576.jpg 768w\" sizes=\"(max-width: 1024px) 100vw, 1024px\" \/><\/a><\/p>\n<p>Al curs que est\u00e0 orientat a personal amb una llarga experi\u00e8ncia en rescat, s\u2019hi abordaran les noves t\u00e8cniques incorporades recentment en el rescat d\u2019allaus a nivell mundial.<\/p>\n<p>El curs tindr\u00e0 una vessant te\u00f2rica i una de pr\u00e0ctica en sessions de mat\u00ed i tarda, per aprofundir en tem\u00e0tiques com el rescat organitzat en escenaris multi v\u00edctima, amb l\u2019objectiu d\u2019optimitzar els procediments. La darrera jornada de dijous es destinar\u00e0 a la posada en pr\u00e0ctica a Baqueira Beret de la formaci\u00f3 rebuda i dels coneixements adquirits amb la supervisi\u00f3 de l\u2019expert Manuel Genswein. Aquest especialista col\u00b7labora amb equips de rescat europeus i americans a banda de ser un dels especialistes en rescat a la CISA-IKAR organisme internacional de refer\u00e8ncia i \u00e9s el desenvolupador del sistema de paleig de \u201ccinta transportadora en V\u201d que ha estat adoptat per la majoria de grups de rescat i centres de formaci\u00f3.<\/p>\n<p>Al curs hi participaran t\u00e8cnics del Conselh Generau d\u2019Aran, dels Pompi\u00e8rs d\u2019Aran, de Baqueira Beret, CRS i PGHM, Gu\u00edes d\u2019Alta Muntanya de la Val d\u2019Aran i especialistes de la Gendarmeria Francesa.<\/p>\n<p>El <strong>dimecres 7 de febrer a les 19h, Manuel Genswein, que actualment treballa en el projecte Mountain Safety, oferir\u00e0 una xerrada oberta a tothom a Era Audiovisuau de Vielha.<\/strong><\/p>\n<p><strong>Continguts del curs:\u00a0<a href=\"http:\/\/www.conselharan.org\/wp-content\/uploads\/2018\/02\/Curs-allaus.pdf\">Curs allaus<\/a><\/strong><\/p>\n<p>&nbsp;<\/p>\n ","protected":false},"excerpt":{"rendered":"<p>Vielha, 6 de febrer de 2018.- El Conselh Generau d\u2019Aran a trav\u00e9s del Centre de Predicci\u00f3 d\u2019allaus de la Val d\u2019Aran i en col\u00b7laboraci\u00f3 amb Baqueira Beret, organitza entre els dies 5 i 8 de febrer de 2018 un curs avan\u00e7at de rescat en allaus per a formadors, impartit per un dels millors especialistes a&#8230;<\/p>\n","protected":false},"author":2,"featured_media":20576,"comment_status":"closed","ping_status":"closed","sticky":false,"template":"","format":"standard","meta":{"footnotes":""},"categories":[53],"tags":[],"_links":{"self":[{"href":"https:\/\/www.conselharan.org\/ca\/wp-json\/wp\/v2\/posts\/20581"}],"collection":[{"href":"https:\/\/www.conselharan.org\/ca\/wp-json\/wp\/v2\/posts"}],"about":[{"href":"https:\/\/www.conselharan.org\/ca\/wp-json\/wp\/v2\/types\/post"}],"author":[{"embeddable":true,"href":"https:\/\/www.conselharan.org\/ca\/wp-json\/wp\/v2\/users\/2"}],"replies":[{"embeddable":true,"href":"https:\/\/www.conselharan.org\/ca\/wp-json\/wp\/v2\/comments?post=20581"}],"version-history":[{"count":1,"href":"https:\/\/www.conselharan.org\/ca\/wp-json\/wp\/v2\/posts\/20581\/revisions"}],"predecessor-version":[{"id":20582,"href":"https:\/\/www.conselharan.org\/ca\/wp-json\/wp\/v2\/posts\/20581\/revisions\/20582"}],"wp:featuredmedia":[{"embeddable":true,"href":"https:\/\/www.conselharan.org\/ca\/wp-json\/wp\/v2\/media\/20576"}],"wp:attachment":[{"href":"https:\/\/www.conselharan.org\/ca\/wp-json\/wp\/v2\/media?parent=20581"}],"wp:term":[{"taxonomy":"category","embeddable":true,"href":"https:\/\/www.conselharan.org\/ca\/wp-json\/wp\/v2\/categories?post=20581"},{"taxonomy":"post_tag","embeddable":true,"href":"https:\/\/www.conselharan.org\/ca\/wp-json\/wp\/v2\/tags?post=20581"}],"curies":[{"name":"wp","href":"https:\/\/api.w.org\/{rel}","templated":true}]}}