{"id":20592,"date":"2018-02-07T16:50:03","date_gmt":"2018-02-07T15:50:03","guid":{"rendered":"http:\/\/www.conselharan.org\/?p=20592"},"modified":"2018-02-07T16:50:03","modified_gmt":"2018-02-07T15:50:03","slug":"34-joves-esportistes-integren-els-programes-formatius-del-cetei-val-daran","status":"publish","type":"post","link":"https:\/\/www.conselharan.org\/ca\/34-joves-esportistes-integren-els-programes-formatius-del-cetei-val-daran\/","title":{"rendered":"34 joves esportistes integren els programes formatius del CETEI Val d\u2019Aran"},"content":{"rendered":"<p>Vielha, 6 de febrer de 2018.- El Centre de Tecnificaci\u00f3 d\u2019Esports d\u2019Hivern de la Val d\u2019Aran (CETEI), desenvolupa amb \u00e8xit l\u2019activitat esportiva una temporada m\u00e9s.<\/p>\n<p><a href=\"http:\/\/www.conselharan.org\/wp-content\/uploads\/2018\/02\/IMG-20180205-WA0000.jpg\"><img loading=\"lazy\" decoding=\"async\" class=\"aligncenter size-large wp-image-20588\" src=\"http:\/\/www.conselharan.org\/wp-content\/uploads\/2018\/02\/IMG-20180205-WA0000-1024x768.jpg\" alt=\"\" width=\"1024\" height=\"768\" srcset=\"https:\/\/www.conselharan.org\/wp-content\/uploads\/2018\/02\/IMG-20180205-WA0000-1024x768.jpg 1024w, https:\/\/www.conselharan.org\/wp-content\/uploads\/2018\/02\/IMG-20180205-WA0000-300x225.jpg 300w, https:\/\/www.conselharan.org\/wp-content\/uploads\/2018\/02\/IMG-20180205-WA0000-768x576.jpg 768w, https:\/\/www.conselharan.org\/wp-content\/uploads\/2018\/02\/IMG-20180205-WA0000.jpg 1600w\" sizes=\"(max-width: 1024px) 100vw, 1024px\" \/><\/a><\/p>\n<p>Gr\u00e0cies al suport del Conselh Generau d\u2019Aran i de la Diputaci\u00f3 de Lleida juntament amb Baqueira Beret i el CSD (Consejo Superior de Deportes), els programes formatius d\u2019esportistes de Pre-Tecnificaci\u00f3 a la Val d\u2019Aran compten actualment amb les seg\u00fcents disciplines dels esports de neu:<\/p>\n<p>&#8211; Esqu\u00ed alp\u00ed : 21 esportistes.<\/p>\n<p>&#8211; Snowboard: 5 esportistes.<\/p>\n<p>&#8211; Freeride: 5 esportistes.<\/p>\n<p>&#8211; Frestyle: disciplina emergent, amb 3 esportistes al programa.<\/p>\n<p>Amb un programa esportiu proposat pels clubs aranesos, el Centre de Tecnificaci\u00f3 de la Val d\u2019Aran, aposta any rere any, per aquesta formaci\u00f3 a la cerca de nous talents per als esports de neu del nostre pa\u00eds.<\/p>\n<p>El Centre de Tecnificaci\u00f3 Esportiva d\u2019Esports d\u2019Hivern de la Val d\u2019Aran, vinculat a la Real Federaci\u00f3 Espanyola d\u2019Esports d\u2019Hivern (RFEDI) i a la Federaci\u00f3 Catalana d\u2019Esports d\u2019Hivern (FCEH), t\u00e9 per objectiu ajudar a la progressi\u00f3 de joves promeses i vetllar per la seva formaci\u00f3 integral. Els esportistes seleccionats reben formaci\u00f3 t\u00e8cnica\/esportiva i acad\u00e8mica, a m\u00e9s d\u2019un seguiment m\u00e8dic\/psicol\u00f2gic per garantir un estat de salut adequat per a la pr\u00e0ctica esportiva i una sortida professional de futur.<\/p>\n<p>El vicesindic d\u2019Aran i conselh\u00e8r d\u2019esports, <strong>Lu\u00eds Carlos Medina<\/strong>, ha manifestat que \u201cel suport de la Diputaci\u00f3 de Lleida, junt amb el de la resta d\u2019institucions, dona resposta als esfor\u00e7os que fa el Conselh Generau d\u2019Aran pels programes de Tecnificaci\u00f3 i Pre-Tecnificaci\u00f3 del CETEI Val d\u2019Aran, i representa un impuls per qu\u00e8 els \u00a0joves esportistes puguin nodrir els primers equips de les diferents modalitats esportives i arribar a competir com en d\u2019altres ocasions, en uns Jocs Ol\u00edmpics i Paral\u00edmpics d\u2019hivern\u201d.<\/p>\n<p>&nbsp;<\/p>\n<p>&nbsp;<\/p>\n<p>&nbsp;<\/p>\n ","protected":false},"excerpt":{"rendered":"<p>Vielha, 6 de febrer de 2018.- El Centre de Tecnificaci\u00f3 d\u2019Esports d\u2019Hivern de la Val d\u2019Aran (CETEI), desenvolupa amb \u00e8xit l\u2019activitat esportiva una temporada m\u00e9s. Gr\u00e0cies al suport del Conselh Generau d\u2019Aran i de la Diputaci\u00f3 de Lleida juntament amb Baqueira Beret i el CSD (Consejo Superior de Deportes), els programes formatius d\u2019esportistes de Pre-Tecnificaci\u00f3&#8230;<\/p>\n","protected":false},"author":2,"featured_media":20588,"comment_status":"closed","ping_status":"closed","sticky":false,"template":"","format":"standard","meta":{"footnotes":""},"categories":[136],"tags":[],"_links":{"self":[{"href":"https:\/\/www.conselharan.org\/ca\/wp-json\/wp\/v2\/posts\/20592"}],"collection":[{"href":"https:\/\/www.conselharan.org\/ca\/wp-json\/wp\/v2\/posts"}],"about":[{"href":"https:\/\/www.conselharan.org\/ca\/wp-json\/wp\/v2\/types\/post"}],"author":[{"embeddable":true,"href":"https:\/\/www.conselharan.org\/ca\/wp-json\/wp\/v2\/users\/2"}],"replies":[{"embeddable":true,"href":"https:\/\/www.conselharan.org\/ca\/wp-json\/wp\/v2\/comments?post=20592"}],"version-history":[{"count":1,"href":"https:\/\/www.conselharan.org\/ca\/wp-json\/wp\/v2\/posts\/20592\/revisions"}],"predecessor-version":[{"id":20593,"href":"https:\/\/www.conselharan.org\/ca\/wp-json\/wp\/v2\/posts\/20592\/revisions\/20593"}],"wp:featuredmedia":[{"embeddable":true,"href":"https:\/\/www.conselharan.org\/ca\/wp-json\/wp\/v2\/media\/20588"}],"wp:attachment":[{"href":"https:\/\/www.conselharan.org\/ca\/wp-json\/wp\/v2\/media?parent=20592"}],"wp:term":[{"taxonomy":"category","embeddable":true,"href":"https:\/\/www.conselharan.org\/ca\/wp-json\/wp\/v2\/categories?post=20592"},{"taxonomy":"post_tag","embeddable":true,"href":"https:\/\/www.conselharan.org\/ca\/wp-json\/wp\/v2\/tags?post=20592"}],"curies":[{"name":"wp","href":"https:\/\/api.w.org\/{rel}","templated":true}]}}