{"id":20756,"date":"2018-02-22T18:52:45","date_gmt":"2018-02-22T17:52:45","guid":{"rendered":"http:\/\/www.conselharan.org\/?p=20756"},"modified":"2018-02-22T18:52:45","modified_gmt":"2018-02-22T17:52:45","slug":"2a-fase-de-la-copa-espana-infantils-u14-u16-organitzada-pel-club-ceva","status":"publish","type":"post","link":"https:\/\/www.conselharan.org\/ca\/2a-fase-de-la-copa-espana-infantils-u14-u16-organitzada-pel-club-ceva\/","title":{"rendered":"2a Fase de la Copa Espa\u00f1a Infantils U14 \/ U16 organitzada pel Club CEVA"},"content":{"rendered":"<p>Vielha, 22 de febrer de 2018.- El <strong>Club Esqu\u00ed Val d&#8217;Aran<\/strong> (CEVA) organitza amb la col\u00b7laboraci\u00f3 de la <strong>Real Federaci\u00f3n Espa\u00f1ola de Deportes de Invierno<\/strong> (RFEDI) i la <strong>Federaci\u00f3 Catalana d&#8217;Esports d&#8217;Hivern<\/strong> (FCEH) <strong>la 2a fase de la Copa Espan\u00f1a<\/strong> Infantils U14 \/ U16 durant entre els dies 23 i 25 de febrer a <strong>Baqueira Beret<\/strong>.<\/p>\n<p>La 2a Fase de la Copa Espa\u00f1a U14\/U16 que es disputar\u00e0 al Estadium de Beret, comptar\u00e0 amb la participaci\u00f3 dels esportistes dels clubs aranesos que competiran entre els 140 millors esquiadors i esquiadores de tota Espanya.<\/p>\n<p><a href=\"http:\/\/www.conselharan.org\/wp-content\/uploads\/2018\/02\/28162335_1976911822571992_3689346720139844261_o.jpg\"><img loading=\"lazy\" decoding=\"async\" class=\"aligncenter size-large wp-image-20754\" src=\"http:\/\/www.conselharan.org\/wp-content\/uploads\/2018\/02\/28162335_1976911822571992_3689346720139844261_o-1024x723.jpg\" alt=\"\" width=\"1024\" height=\"723\" srcset=\"https:\/\/www.conselharan.org\/wp-content\/uploads\/2018\/02\/28162335_1976911822571992_3689346720139844261_o-1024x723.jpg 1024w, https:\/\/www.conselharan.org\/wp-content\/uploads\/2018\/02\/28162335_1976911822571992_3689346720139844261_o-300x212.jpg 300w, https:\/\/www.conselharan.org\/wp-content\/uploads\/2018\/02\/28162335_1976911822571992_3689346720139844261_o-768x543.jpg 768w, https:\/\/www.conselharan.org\/wp-content\/uploads\/2018\/02\/28162335_1976911822571992_3689346720139844261_o.jpg 1080w\" sizes=\"(max-width: 1024px) 100vw, 1024px\" \/><\/a><\/p>\n ","protected":false},"excerpt":{"rendered":"<p>Vielha, 22 de febrer de 2018.- El Club Esqu\u00ed Val d&#8217;Aran (CEVA) organitza amb la col\u00b7laboraci\u00f3 de la Real Federaci\u00f3n Espa\u00f1ola de Deportes de Invierno (RFEDI) i la Federaci\u00f3 Catalana d&#8217;Esports d&#8217;Hivern (FCEH) la 2a fase de la Copa Espan\u00f1a Infantils U14 \/ U16 durant entre els dies 23 i 25 de febrer a Baqueira&#8230;<\/p>\n","protected":false},"author":2,"featured_media":20754,"comment_status":"closed","ping_status":"closed","sticky":false,"template":"","format":"standard","meta":{"footnotes":""},"categories":[33],"tags":[],"_links":{"self":[{"href":"https:\/\/www.conselharan.org\/ca\/wp-json\/wp\/v2\/posts\/20756"}],"collection":[{"href":"https:\/\/www.conselharan.org\/ca\/wp-json\/wp\/v2\/posts"}],"about":[{"href":"https:\/\/www.conselharan.org\/ca\/wp-json\/wp\/v2\/types\/post"}],"author":[{"embeddable":true,"href":"https:\/\/www.conselharan.org\/ca\/wp-json\/wp\/v2\/users\/2"}],"replies":[{"embeddable":true,"href":"https:\/\/www.conselharan.org\/ca\/wp-json\/wp\/v2\/comments?post=20756"}],"version-history":[{"count":1,"href":"https:\/\/www.conselharan.org\/ca\/wp-json\/wp\/v2\/posts\/20756\/revisions"}],"predecessor-version":[{"id":20757,"href":"https:\/\/www.conselharan.org\/ca\/wp-json\/wp\/v2\/posts\/20756\/revisions\/20757"}],"wp:featuredmedia":[{"embeddable":true,"href":"https:\/\/www.conselharan.org\/ca\/wp-json\/wp\/v2\/media\/20754"}],"wp:attachment":[{"href":"https:\/\/www.conselharan.org\/ca\/wp-json\/wp\/v2\/media?parent=20756"}],"wp:term":[{"taxonomy":"category","embeddable":true,"href":"https:\/\/www.conselharan.org\/ca\/wp-json\/wp\/v2\/categories?post=20756"},{"taxonomy":"post_tag","embeddable":true,"href":"https:\/\/www.conselharan.org\/ca\/wp-json\/wp\/v2\/tags?post=20756"}],"curies":[{"name":"wp","href":"https:\/\/api.w.org\/{rel}","templated":true}]}}