{"id":20822,"date":"2018-02-27T17:38:59","date_gmt":"2018-02-27T16:38:59","guid":{"rendered":"http:\/\/www.conselharan.org\/?p=20822"},"modified":"2018-02-27T17:38:59","modified_gmt":"2018-02-27T16:38:59","slug":"generalitat-i-conselh-presentaran-al%c2%b7legacions-a-lestudi-de-millora-de-la-n-230-del-ministerio-de-fomento","status":"publish","type":"post","link":"https:\/\/www.conselharan.org\/ca\/generalitat-i-conselh-presentaran-al%c2%b7legacions-a-lestudi-de-millora-de-la-n-230-del-ministerio-de-fomento\/","title":{"rendered":"Generalitat i Conselh presentaran al\u00b7legacions a l\u2019estudi de millora de la N-230 del Ministerio de Fomento"},"content":{"rendered":"<p>Vielha, 27 de febrer de 2018.- El sindic d\u2019Aran, <strong>Carlos Barrera<\/strong> i el secretari d\u2019Infraestructures i Mobilitat del departament de Territori i Sostenibilitat de la Generalitat, <strong>Ricard Font<\/strong>, van mantenir una reuni\u00f3 a la seu del departament el passat divendres per tractar aspectes relacionats amb la carretera N-230.<\/p>\n<p><a href=\"http:\/\/www.conselharan.org\/wp-content\/uploads\/2018\/02\/180227_SindicRicardFont.jpeg\"><img loading=\"lazy\" decoding=\"async\" class=\"aligncenter size-large wp-image-20818\" src=\"http:\/\/www.conselharan.org\/wp-content\/uploads\/2018\/02\/180227_SindicRicardFont-1024x768.jpeg\" alt=\"\" width=\"1024\" height=\"768\" srcset=\"https:\/\/www.conselharan.org\/wp-content\/uploads\/2018\/02\/180227_SindicRicardFont.jpeg 1024w, https:\/\/www.conselharan.org\/wp-content\/uploads\/2018\/02\/180227_SindicRicardFont-300x225.jpeg 300w, https:\/\/www.conselharan.org\/wp-content\/uploads\/2018\/02\/180227_SindicRicardFont-768x576.jpeg 768w\" sizes=\"(max-width: 1024px) 100vw, 1024px\" \/><\/a><\/p>\n<p>El sindic d\u2019Aran, va fer a mans del secretari d\u2019Infraestructures i Mobilitat l\u2019estudi presentat a la Diputaci\u00f3 de Lleida aix\u00ed com a la resta d\u2019ajuntaments afectats pel tra\u00e7at de la carretera N-230, elaborat pel Conselh Generau d\u2019Aran per a les millores d\u2019aquesta carretera des del Pas d\u2019Aran fins a la boca sud del t\u00fanel de Vielha.<\/p>\n<p>El s\u00edndic i el secretari d\u2019Infraestructures, van acordar que el departament de Territori i Sostenibilitat i el Conselh Generau d\u2019Aran, presentaran al\u00b7legacions conjuntes a l&#8217;estudi informatiu i d&#8217;impacte ambiental del tram de 45 quil\u00f2metres entre Sopeira (Osca) i la boca sud del t\u00fanel de Vielha elaborat pel Ministerio de Fomento que es troba en per\u00edode d\u2019informaci\u00f3 p\u00fablica fins al dia 8 de mar\u00e7.<\/p>\n<p>Entre d\u2019altres aspectes, Conselh i Generalitat demanaran al Ministerio de Fomento d\u2019afegir a l\u2019estudi de millores de la carretera el tram que va des del quil\u00f2metre 96\u20195 (Pas d\u2019Aran) fins al 107 (Sopeira) que l\u2019estudi del Ministerio deixa fora d\u2019aquestes millores.<\/p>\n<p>L\u2019estudi del Ministerio de Fomento contempla la millora del tram m\u00e9s perill\u00f3s de la N-230, entre la localitat aragonesa de Sopeira i la boca sud del t\u00fanel de Vielha, valorat en 295 milions d&#8217;euros. Per contra el territori considera que l\u2019opci\u00f3 m\u00e9s adient per resoldre l\u2019actual problem\u00e0tica d\u2019aquest tram de la carretera N-230 \u00e9s l\u2019alternativa 1 del Ministerio de Fomento valorada en 363.500.000 \u20ac.<\/p>\n<p>Una altra de les peticions per part del Conselh Generau d\u2019Aran \u00e9s assolir el suport de la Generalitat a les al\u00b7legacions presentades des de l\u2019Aran. El sindic d\u2019Aran, tamb\u00e9 li va confirmar al secretari d\u2019Infraestructures i Mobilitat que el Conselh Generau donar\u00e0 suport a les al\u00b7legacions presentades per la resta de municipis afectats, ja que aquesta problem\u00e0tica \u00e9s la que ha motivat l\u2019estudi del Ministerio de Fomento, i \u00e9s comuna a tots.<\/p>\n<p>&nbsp;<\/p>\n<p>&nbsp;<\/p>\n ","protected":false},"excerpt":{"rendered":"<p>Vielha, 27 de febrer de 2018.- El sindic d\u2019Aran, Carlos Barrera i el secretari d\u2019Infraestructures i Mobilitat del departament de Territori i Sostenibilitat de la Generalitat, Ricard Font, van mantenir una reuni\u00f3 a la seu del departament el passat divendres per tractar aspectes relacionats amb la carretera N-230. El sindic d\u2019Aran, va fer a mans&#8230;<\/p>\n","protected":false},"author":2,"featured_media":20818,"comment_status":"closed","ping_status":"closed","sticky":false,"template":"","format":"standard","meta":{"footnotes":""},"categories":[53,36],"tags":[],"_links":{"self":[{"href":"https:\/\/www.conselharan.org\/ca\/wp-json\/wp\/v2\/posts\/20822"}],"collection":[{"href":"https:\/\/www.conselharan.org\/ca\/wp-json\/wp\/v2\/posts"}],"about":[{"href":"https:\/\/www.conselharan.org\/ca\/wp-json\/wp\/v2\/types\/post"}],"author":[{"embeddable":true,"href":"https:\/\/www.conselharan.org\/ca\/wp-json\/wp\/v2\/users\/2"}],"replies":[{"embeddable":true,"href":"https:\/\/www.conselharan.org\/ca\/wp-json\/wp\/v2\/comments?post=20822"}],"version-history":[{"count":1,"href":"https:\/\/www.conselharan.org\/ca\/wp-json\/wp\/v2\/posts\/20822\/revisions"}],"predecessor-version":[{"id":20823,"href":"https:\/\/www.conselharan.org\/ca\/wp-json\/wp\/v2\/posts\/20822\/revisions\/20823"}],"wp:featuredmedia":[{"embeddable":true,"href":"https:\/\/www.conselharan.org\/ca\/wp-json\/wp\/v2\/media\/20818"}],"wp:attachment":[{"href":"https:\/\/www.conselharan.org\/ca\/wp-json\/wp\/v2\/media?parent=20822"}],"wp:term":[{"taxonomy":"category","embeddable":true,"href":"https:\/\/www.conselharan.org\/ca\/wp-json\/wp\/v2\/categories?post=20822"},{"taxonomy":"post_tag","embeddable":true,"href":"https:\/\/www.conselharan.org\/ca\/wp-json\/wp\/v2\/tags?post=20822"}],"curies":[{"name":"wp","href":"https:\/\/api.w.org\/{rel}","templated":true}]}}