{"id":20925,"date":"2018-03-07T17:56:16","date_gmt":"2018-03-07T16:56:16","guid":{"rendered":"http:\/\/www.conselharan.org\/?p=20925"},"modified":"2018-03-07T17:56:16","modified_gmt":"2018-03-07T16:56:16","slug":"lacm-presenta-la-nova-llei-de-contractes-a-la-val-daran","status":"publish","type":"post","link":"https:\/\/www.conselharan.org\/ca\/lacm-presenta-la-nova-llei-de-contractes-a-la-val-daran\/","title":{"rendered":"L\u2019ACM presenta la nova Llei de Contractes a la Val d\u2019Aran"},"content":{"rendered":"<p>Vielha, 6 de mar\u00e7 de 2018.- El Conselh Generau d\u2019Aran ha acollit una jornada organitzada juntament amb l\u2019ACM (Associaci\u00f3 de Municipis de Catalunya) per explicar les novetats de la Llei de Contractes a c\u00e0rrecs electes i t\u00e8cnics i tamb\u00e9 per fer difusi\u00f3 dels diferents acords marc de la Central de Compres del m\u00f3n local.<\/p>\n<p><a href=\"http:\/\/www.conselharan.org\/wp-content\/uploads\/2018\/03\/WhatsApp-Image-2018-03-07-at-17.41.111.jpeg\"><img loading=\"lazy\" decoding=\"async\" class=\"aligncenter size-large wp-image-20921\" src=\"http:\/\/www.conselharan.org\/wp-content\/uploads\/2018\/03\/WhatsApp-Image-2018-03-07-at-17.41.111-1024x768.jpeg\" alt=\"\" width=\"1024\" height=\"768\" srcset=\"https:\/\/www.conselharan.org\/wp-content\/uploads\/2018\/03\/WhatsApp-Image-2018-03-07-at-17.41.111-1024x768.jpeg 1024w, https:\/\/www.conselharan.org\/wp-content\/uploads\/2018\/03\/WhatsApp-Image-2018-03-07-at-17.41.111-300x225.jpeg 300w, https:\/\/www.conselharan.org\/wp-content\/uploads\/2018\/03\/WhatsApp-Image-2018-03-07-at-17.41.111-768x576.jpeg 768w, https:\/\/www.conselharan.org\/wp-content\/uploads\/2018\/03\/WhatsApp-Image-2018-03-07-at-17.41.111.jpeg 1600w\" sizes=\"(max-width: 1024px) 100vw, 1024px\" \/><\/a><\/p>\n<p>El proper 9 de mar\u00e7 entrar\u00e0 en vigor la nova Llei de Contractes del Sector P\u00fablic que suposar\u00e0 l\u2019aplicaci\u00f3 de nous procediments pel que fa a la contractaci\u00f3 local. \u201cAquesta llei suposar\u00e0 l\u2019entrada en vigor d\u2019un nou marc jur\u00eddic i per aquest motiu creiem que \u00e9s b\u00e0sic i imprescindible que els electes i els t\u00e8cnics locals tinguin coneixement de tots els seus efectes\u201d ha explicat el Secretari General de l\u2019ACM, <strong>Marc Pifarr\u00e9<\/strong>. Motiu pel qual es preveu que es duguin a terme m\u00e9s de 50 sessions per tots els consells comarcals de Catalunya en sessions diferenciades per a t\u00e8cnics i per a electes.<\/p>\n<p>Per la seva part, el sindic d\u2019Aran, <strong>Carlos Barrera<\/strong>, ha manifestat &#8220;que l\u2019ACM demostra estar a peu i al servei del territori, amb sessions com aquesta a l&#8217;Aran\u201d. Barrera ha \u201cvalorat molt positivament la relaci\u00f3 establerta entre el Conselh Generau i l\u2019ACM, que ja fa m\u00e9s de 6 anys que dura i que ha fet que els ajuntaments aranesos i el Govern d\u2019Aran puguin aprofitar cada cop m\u00e9s els avantatges que aix\u00f2 representa, ja que els municipis petits es poden beneficiar de les condicions que aconsegueixen els m\u00e9s grans \u201d.<\/p>\n<p>Actualment 5 ajuntaments de la Val d\u2019Aran i el mateix Conselh Generau d\u2019Aran, \u00a0compren algun producte o servei de la Central de compres del m\u00f3n local.<\/p>\n<p>El president del F\u00f2rum Comarcal, <strong>Jordi Xargay<\/strong>, ha assegurat que &#8220;com entitat municipalista m\u00e9s important del pa\u00eds, defensem una visi\u00f3 on els Consells comarcals o el Conselh Generau d\u2019Aran s\u00f3n necessaris per articular el territori i ser garantia per l\u2019acc\u00e9s del serveis als ciutadans\u201d.<\/p>\n<p>L\u2019objectiu de les jornades \u00e9s con\u00e8ixer les novetats, transmetre la metodologia d\u2019elaboraci\u00f3 de plecs de prescripcions t\u00e8cniques, fomentar el coneixement de la contractaci\u00f3 socialment responsable.<\/p>\n<p>Ara mateix un 82% dels ajuntaments catalans es beneficia de la Central de Compres del m\u00f3n local.<\/p>\n<p>Aquesta \u00e9s la sisena edici\u00f3 de les sessions que l\u2019ACM du a terme pel territori catal\u00e0 per explicar els avantatges de la Central de compres del m\u00f3n local. Actualment ofereix 11 productes a m\u00e9s d\u2019un miler d\u2019ens de tot Catalunya. Pel que fa als ajuntaments, 775 compren algun producte o servei com electricitat, gas, assegurances, equips inform\u00e0tics, mobilitat sostenible, equips d\u2019impressi\u00f3, maquin\u00e0ria t\u00e8cnica, paper, DEA\u2019s i ascensors.<\/p>\n<p>Els ens que compren alguna producte o servei a trav\u00e9s de la Central de compres del m\u00f3n local s\u2019asseguren que compleixen amb la Llei de Contractes que entrar\u00e0 en vigor el proper 9 de mar\u00e7, per tant, aconsegueixen la m\u00e0xima seguretat jur\u00eddica. Tamb\u00e9 aconsegueixen un estalvi de procediments. De mitjana tarden 26 dies des que contracten el servei fins a disposar-ne. L\u2019estalvi econ\u00f2mic tamb\u00e9 es considerable, doncs de mitjana aconsegueixen uns estalvis d\u2019un 10% de les tarifes normals, arribant al 40% en el manteniment d\u2019ascensors.<\/p>\n<p>L\u2019objectiu principal de la Central de compres \u00e9s que els municipis m\u00e9s petits es puguin beneficiar de les condicions que aconsegueixen els m\u00e9s grans. Aix\u00ed mateix, sempre es busca afavorir l\u2019economia local amb l\u2019acc\u00e9s de pimes a lots territorials.<\/p>\n<p>Finalment, la central de compres promou la mobilitat sostenible. Per aquest motiu, el darrer acord marc ofereix diferents modalitats de vehicles el\u00e8ctrics, ja siguin cotxes, bicicletes o motos de baix consum o el\u00e8ctriques. Tamb\u00e9 s\u2019ofereix la compra agregada de punts de rec\u00e0rrega.<\/p>\n<p>&nbsp;<\/p>\n<p>&nbsp;<\/p>\n ","protected":false},"excerpt":{"rendered":"<p>Vielha, 6 de mar\u00e7 de 2018.- El Conselh Generau d\u2019Aran ha acollit una jornada organitzada juntament amb l\u2019ACM (Associaci\u00f3 de Municipis de Catalunya) per explicar les novetats de la Llei de Contractes a c\u00e0rrecs electes i t\u00e8cnics i tamb\u00e9 per fer difusi\u00f3 dels diferents acords marc de la Central de Compres del m\u00f3n local. El&#8230;<\/p>\n","protected":false},"author":2,"featured_media":20921,"comment_status":"closed","ping_status":"closed","sticky":false,"template":"","format":"standard","meta":{"footnotes":""},"categories":[33],"tags":[],"_links":{"self":[{"href":"https:\/\/www.conselharan.org\/ca\/wp-json\/wp\/v2\/posts\/20925"}],"collection":[{"href":"https:\/\/www.conselharan.org\/ca\/wp-json\/wp\/v2\/posts"}],"about":[{"href":"https:\/\/www.conselharan.org\/ca\/wp-json\/wp\/v2\/types\/post"}],"author":[{"embeddable":true,"href":"https:\/\/www.conselharan.org\/ca\/wp-json\/wp\/v2\/users\/2"}],"replies":[{"embeddable":true,"href":"https:\/\/www.conselharan.org\/ca\/wp-json\/wp\/v2\/comments?post=20925"}],"version-history":[{"count":1,"href":"https:\/\/www.conselharan.org\/ca\/wp-json\/wp\/v2\/posts\/20925\/revisions"}],"predecessor-version":[{"id":20926,"href":"https:\/\/www.conselharan.org\/ca\/wp-json\/wp\/v2\/posts\/20925\/revisions\/20926"}],"wp:featuredmedia":[{"embeddable":true,"href":"https:\/\/www.conselharan.org\/ca\/wp-json\/wp\/v2\/media\/20921"}],"wp:attachment":[{"href":"https:\/\/www.conselharan.org\/ca\/wp-json\/wp\/v2\/media?parent=20925"}],"wp:term":[{"taxonomy":"category","embeddable":true,"href":"https:\/\/www.conselharan.org\/ca\/wp-json\/wp\/v2\/categories?post=20925"},{"taxonomy":"post_tag","embeddable":true,"href":"https:\/\/www.conselharan.org\/ca\/wp-json\/wp\/v2\/tags?post=20925"}],"curies":[{"name":"wp","href":"https:\/\/api.w.org\/{rel}","templated":true}]}}