{"id":20943,"date":"2018-03-08T14:05:14","date_gmt":"2018-03-08T13:05:14","guid":{"rendered":"http:\/\/www.conselharan.org\/?p=20943"},"modified":"2018-03-08T14:05:14","modified_gmt":"2018-03-08T13:05:14","slug":"la-val-daran-protagonista-de-la-revista-de-bord-dair-nostrum-del-mes-de-marc","status":"publish","type":"post","link":"https:\/\/www.conselharan.org\/ca\/la-val-daran-protagonista-de-la-revista-de-bord-dair-nostrum-del-mes-de-marc\/","title":{"rendered":"La Val d&#8217;Aran protagonista de la revista de bord d&#8217;Air Nostrum del mes de mar\u00e7"},"content":{"rendered":"<p>Vielha, 8 de mar\u00e7 de 2018.- Els passatgers d&#8217;Air Nostrum L\u00ednies A\u00e8ries podran con\u00e8ixer de primera m\u00e0 tots els detalls de l\u2019oferta tur\u00edstica de la Val d&#8217;Aran gr\u00e0cies a la seva revista de bord que compta amb un tiratge de 400.000 exemplars.<\/p>\n<p>Durant tot el mes de mar\u00e7 la Val d&#8217;Aran protagonitza els continguts de la revista entre els quals destaquen la gran oferta tur\u00edstica hivernal, al costat de les diferents propostes per a la resta de l&#8217;any, i molt especialment les de primavera i estiu.<\/p>\n<p>La conselh\u00e8ra de Turisme d&#8217;Aran, <strong>Anna D\u00edaz<\/strong>, ha assenyalat que &#8220;aquesta \u00e9s una bona manera de fer arribar als potencials visitants de la Val d&#8217;Aran les innombrables activitats de qu\u00e8 poden gaudir durant la seva estada, tenint en compte no nom\u00e9s les activitats relacionades amb l&#8217;esqu\u00ed i Baqueira Beret, que s\u00f3n moltes i cada vegada m\u00e9s atractives, sin\u00f3 l&#8217;ampli ventall de propostes que ofereix la Val d&#8217;Aran per a la resta de l&#8217;any, de les que cada vegada hi ha m\u00e9s demanda d&#8217;activitats relacionades amb el turisme familiar, esportiu, cicloturisme i sobretot cultural.<\/p>\n<p>Una molt bona manera de con\u00e8ixer la Val d&#8217;Aran gr\u00e0cies a la col\u00b7laboraci\u00f3 d&#8217;Air Nostrum L\u00ednies A\u00e8ries.<\/p>\n<p><a href=\"http:\/\/www.airnostrum.es\/ficheros\/905_1_ANE8_br.pdf\">http:\/\/www.airnostrum.es\/ficheros\/905_1_ANE8_br.pdf<\/a><\/p>\n<p><a href=\"http:\/\/www.conselharan.org\/wp-content\/uploads\/2018\/03\/Portada-Air-Nostrum-Val-dAran.jpg\"><img loading=\"lazy\" decoding=\"async\" class=\"aligncenter size-full wp-image-20941\" src=\"http:\/\/www.conselharan.org\/wp-content\/uploads\/2018\/03\/Portada-Air-Nostrum-Val-dAran.jpg\" alt=\"\" width=\"720\" height=\"960\" srcset=\"https:\/\/www.conselharan.org\/wp-content\/uploads\/2018\/03\/Portada-Air-Nostrum-Val-dAran.jpg 720w, https:\/\/www.conselharan.org\/wp-content\/uploads\/2018\/03\/Portada-Air-Nostrum-Val-dAran-225x300.jpg 225w\" sizes=\"(max-width: 720px) 100vw, 720px\" \/><\/a><\/p>\n ","protected":false},"excerpt":{"rendered":"<p>Vielha, 8 de mar\u00e7 de 2018.- Els passatgers d&#8217;Air Nostrum L\u00ednies A\u00e8ries podran con\u00e8ixer de primera m\u00e0 tots els detalls de l\u2019oferta tur\u00edstica de la Val d&#8217;Aran gr\u00e0cies a la seva revista de bord que compta amb un tiratge de 400.000 exemplars. Durant tot el mes de mar\u00e7 la Val d&#8217;Aran protagonitza els continguts de&#8230;<\/p>\n","protected":false},"author":2,"featured_media":20941,"comment_status":"closed","ping_status":"closed","sticky":false,"template":"","format":"standard","meta":{"footnotes":""},"categories":[33,36],"tags":[],"_links":{"self":[{"href":"https:\/\/www.conselharan.org\/ca\/wp-json\/wp\/v2\/posts\/20943"}],"collection":[{"href":"https:\/\/www.conselharan.org\/ca\/wp-json\/wp\/v2\/posts"}],"about":[{"href":"https:\/\/www.conselharan.org\/ca\/wp-json\/wp\/v2\/types\/post"}],"author":[{"embeddable":true,"href":"https:\/\/www.conselharan.org\/ca\/wp-json\/wp\/v2\/users\/2"}],"replies":[{"embeddable":true,"href":"https:\/\/www.conselharan.org\/ca\/wp-json\/wp\/v2\/comments?post=20943"}],"version-history":[{"count":1,"href":"https:\/\/www.conselharan.org\/ca\/wp-json\/wp\/v2\/posts\/20943\/revisions"}],"predecessor-version":[{"id":20944,"href":"https:\/\/www.conselharan.org\/ca\/wp-json\/wp\/v2\/posts\/20943\/revisions\/20944"}],"wp:featuredmedia":[{"embeddable":true,"href":"https:\/\/www.conselharan.org\/ca\/wp-json\/wp\/v2\/media\/20941"}],"wp:attachment":[{"href":"https:\/\/www.conselharan.org\/ca\/wp-json\/wp\/v2\/media?parent=20943"}],"wp:term":[{"taxonomy":"category","embeddable":true,"href":"https:\/\/www.conselharan.org\/ca\/wp-json\/wp\/v2\/categories?post=20943"},{"taxonomy":"post_tag","embeddable":true,"href":"https:\/\/www.conselharan.org\/ca\/wp-json\/wp\/v2\/tags?post=20943"}],"curies":[{"name":"wp","href":"https:\/\/api.w.org\/{rel}","templated":true}]}}