{"id":20959,"date":"2018-03-09T14:22:23","date_gmt":"2018-03-09T13:22:23","guid":{"rendered":"http:\/\/www.conselharan.org\/?p=20959"},"modified":"2018-03-09T14:22:23","modified_gmt":"2018-03-09T13:22:23","slug":"el-govern-daran-destinara-60-000-e-a-lasfaltatge-de-la-pista-daiguamog","status":"publish","type":"post","link":"https:\/\/www.conselharan.org\/ca\/el-govern-daran-destinara-60-000-e-a-lasfaltatge-de-la-pista-daiguamog\/","title":{"rendered":"El Govern d\u2019Aran destinar\u00e0 60.000 \u20ac a l\u2019asfaltatge de la pista d\u2019Aiguam\u00f2g"},"content":{"rendered":"<p>Vielha, 9 de mar\u00e7 de 2018.- El <strong>Conselh Generau d\u2019Aran<\/strong> ha signat un conveni de col\u00b7laboraci\u00f3 amb l\u2019<strong>Ajuntament de Naut Aran<\/strong>, per destinar <strong>60.000 \u20ac a l\u2019asfaltatge de la pista d\u2019Aiguam\u00f2g<\/strong> per millorar la seguretat i facilitar l\u2019acc\u00e9s en aquesta ribera.<\/p>\n<p><a href=\"http:\/\/www.conselharan.org\/wp-content\/uploads\/2018\/03\/inversions.jpg\"><img loading=\"lazy\" decoding=\"async\" class=\"aligncenter size-large wp-image-20955\" src=\"http:\/\/www.conselharan.org\/wp-content\/uploads\/2018\/03\/inversions-1024x687.jpg\" alt=\"\" width=\"1024\" height=\"687\" srcset=\"https:\/\/www.conselharan.org\/wp-content\/uploads\/2018\/03\/inversions.jpg 1024w, https:\/\/www.conselharan.org\/wp-content\/uploads\/2018\/03\/inversions-300x201.jpg 300w, https:\/\/www.conselharan.org\/wp-content\/uploads\/2018\/03\/inversions-768x515.jpg 768w\" sizes=\"(max-width: 1024px) 100vw, 1024px\" \/><\/a><\/p>\n<p>Per altra banda el Govern d\u2019Aran, tamb\u00e9 ha aprovat aquesta setmana l\u2019adjudicaci\u00f3 de la primera fase de les <strong>obres de millora de la de la carretera d\u2019acc\u00e9s a Mont i Montcorbau<\/strong> a l\u2019empresa Construccions Pirineu 2001 SL. El Conselh Generau destina en aquestes obres un pressupost de <strong>265.000 \u20ac.<\/strong> Aquesta actuaci\u00f3 en el tram que va des de la rotonda de Vilac a la N-230 fins a la cru\u00eflla de l\u2019acc\u00e9s a Mont, consistir\u00e0 en l\u2019eixamplament del vial que sortir\u00e0 des de la mateixa rotonda de Vilac i l\u2019eixamplament de la carretera fins la cru\u00eflla del poble de Mont, ja que en aquest punt la carretera presenta el tra\u00e7at i les amplades originals, amb unes condicions de servei que no estan adaptades a les necessitats de mobilitat existents actualment.<\/p>\n<p>Aquestes actuacions s\u2019afegeixen al seguit d\u2019accions de reequilibri territorial que porta a terme el Conselh Generau d\u2019Aran durant aquest any 2018, que passen tamb\u00e9 per els <strong>50.000 \u20ac pels treballs de millora del cam\u00ed ve\u00efnal d\u2019acc\u00e9s al nucli d\u2019Arres de Sus des del nucli de Boss\u00f2st<\/strong>, consistents en l\u2019arranjament de dos trams del cam\u00ed ve\u00efnal, el primer que s\u2019inicia al carrer d\u2019Arres fins al creuament amb la pista forestal deth B\u00f2sc Ombr\u00e8r, i el segon, el tram del cam\u00ed ve\u00efnal entre el creuament de la pista Margalida fins al creuament amb la pista forestal deth B\u00f2sc Ombr\u00e8r, en els que s\u2019ha realitzat la reparaci\u00f3 de l\u2019asfaltat del cam\u00ed, del paviment de l\u2019interior d\u2019algunes corbes i l\u2019estabilitzaci\u00f3 de dos esfondraments.<\/p>\n<p>En aquestes actuacions cal afegir que la Comissi\u00f3 de Serveis T\u00e8cnics de la Diputaci\u00f3 de Lleida va aprovar el passat mes de febrer la segona fase del projecte per a la<strong> millora d\u2019un tram de gaireb\u00e9 3 km. de la carretera LV-5055 d\u2019acc\u00e9s als pobles de Vilam\u00f2s i Arres<\/strong>. L\u2019actuaci\u00f3 consistir\u00e0 en la millora, condicionament, eixamplament i arranjament del tram que va del PK 2+840 fins al PK 5+605, que comptar\u00e0 amb una inversi\u00f3 de <strong>1.828.343,19 \u20ac<\/strong> que permetr\u00e0 que els ve\u00efns, tant d\u2019Arres com de Vilam\u00f2s millorin de forma substancial la seva seguretat vial en els trajectes diaris per treball.<\/p>\n<p>Finalment recordar que el Conselh Generau d\u2019Aran destina aquest any <strong>1.400.000 \u20ac del pressupost al manteniment i millora de les pistes forestals de l\u2019Aran. <\/strong>A la Val d\u2019Aran hi ha a prop de 400 Km. de pistes forestals, dels quals 164 km. passen per masses arbrades de les muntanyes, que possibiliten l\u2019acc\u00e9s als paratges m\u00e9s emblem\u00e0tics del pa\u00eds.<\/p>\n ","protected":false},"excerpt":{"rendered":"<p>Vielha, 9 de mar\u00e7 de 2018.- El Conselh Generau d\u2019Aran ha signat un conveni de col\u00b7laboraci\u00f3 amb l\u2019Ajuntament de Naut Aran, per destinar 60.000 \u20ac a l\u2019asfaltatge de la pista d\u2019Aiguam\u00f2g per millorar la seguretat i facilitar l\u2019acc\u00e9s en aquesta ribera. Per altra banda el Govern d\u2019Aran, tamb\u00e9 ha aprovat aquesta setmana l\u2019adjudicaci\u00f3 de la&#8230;<\/p>\n","protected":false},"author":2,"featured_media":20955,"comment_status":"closed","ping_status":"closed","sticky":false,"template":"","format":"standard","meta":{"footnotes":""},"categories":[53,36],"tags":[],"_links":{"self":[{"href":"https:\/\/www.conselharan.org\/ca\/wp-json\/wp\/v2\/posts\/20959"}],"collection":[{"href":"https:\/\/www.conselharan.org\/ca\/wp-json\/wp\/v2\/posts"}],"about":[{"href":"https:\/\/www.conselharan.org\/ca\/wp-json\/wp\/v2\/types\/post"}],"author":[{"embeddable":true,"href":"https:\/\/www.conselharan.org\/ca\/wp-json\/wp\/v2\/users\/2"}],"replies":[{"embeddable":true,"href":"https:\/\/www.conselharan.org\/ca\/wp-json\/wp\/v2\/comments?post=20959"}],"version-history":[{"count":1,"href":"https:\/\/www.conselharan.org\/ca\/wp-json\/wp\/v2\/posts\/20959\/revisions"}],"predecessor-version":[{"id":20960,"href":"https:\/\/www.conselharan.org\/ca\/wp-json\/wp\/v2\/posts\/20959\/revisions\/20960"}],"wp:featuredmedia":[{"embeddable":true,"href":"https:\/\/www.conselharan.org\/ca\/wp-json\/wp\/v2\/media\/20955"}],"wp:attachment":[{"href":"https:\/\/www.conselharan.org\/ca\/wp-json\/wp\/v2\/media?parent=20959"}],"wp:term":[{"taxonomy":"category","embeddable":true,"href":"https:\/\/www.conselharan.org\/ca\/wp-json\/wp\/v2\/categories?post=20959"},{"taxonomy":"post_tag","embeddable":true,"href":"https:\/\/www.conselharan.org\/ca\/wp-json\/wp\/v2\/tags?post=20959"}],"curies":[{"name":"wp","href":"https:\/\/api.w.org\/{rel}","templated":true}]}}