{"id":20985,"date":"2018-03-09T17:47:43","date_gmt":"2018-03-09T16:47:43","guid":{"rendered":"http:\/\/www.conselharan.org\/?p=20985"},"modified":"2018-03-09T17:47:43","modified_gmt":"2018-03-09T16:47:43","slug":"presentacio-del-documental-no-solo-18-horas","status":"publish","type":"post","link":"https:\/\/www.conselharan.org\/ca\/presentacio-del-documental-no-solo-18-horas\/","title":{"rendered":"Presentaci\u00f3 del documental \u201cNo solo 18 horas\u201d"},"content":{"rendered":"<p>Vielha, 9 de mar\u00e7 de 2018.- El proper <strong>dilluns 12 de mar\u00e7<\/strong> es presentar\u00e0 a Era Audiovisuau de Vielha, el documental <strong>\u201cNo solo 18 horas\u201d<\/strong> del corredor de d\u2019ultra fons <strong>Marcos Y\u00e1\u00f1ez<\/strong>, en suport a la lluita contra la leuc\u00e8mia. El documental s\u2019inclou dins del Cicle de Xerrades-Documentals d\u2019Esport de Muntanya.<\/p>\n<p>L\u2019acte organitzat pel Conselh Generau d\u2019Aran a trav\u00e9s del CETEI (Centre de Tecnificaci\u00f3 d\u2019Esports d\u2019Hivern de la Val d\u2019Aran), comen\u00e7ar\u00e0 <strong>a les 17:30h<\/strong> amb la presentaci\u00f3 i inici del documental, i\u00a0 a partir de les 18:40h s\u2019obrir\u00e0 una xerrada-col\u00b7loqui entre l\u2019esportista i el p\u00fablic assistent.<\/p>\n<p><strong>El preu de l\u2019entrada, 2\u20ac, es destinar\u00e0 a l\u2019associaci\u00f3 d\u2019investigaci\u00f3 de c\u00e0ncer infantil Uno entre Cien mil.<\/strong><\/p>\n<p><a href=\"http:\/\/www.conselharan.org\/wp-content\/uploads\/2018\/03\/Cartell.jpeg\"><img loading=\"lazy\" decoding=\"async\" class=\"aligncenter size-large wp-image-20983\" src=\"http:\/\/www.conselharan.org\/wp-content\/uploads\/2018\/03\/Cartell-724x1024.jpeg\" alt=\"\" width=\"724\" height=\"1024\" srcset=\"https:\/\/www.conselharan.org\/wp-content\/uploads\/2018\/03\/Cartell-724x1024.jpeg 724w, https:\/\/www.conselharan.org\/wp-content\/uploads\/2018\/03\/Cartell-212x300.jpeg 212w, https:\/\/www.conselharan.org\/wp-content\/uploads\/2018\/03\/Cartell-768x1086.jpeg 768w, https:\/\/www.conselharan.org\/wp-content\/uploads\/2018\/03\/Cartell.jpeg 1132w\" sizes=\"(max-width: 724px) 100vw, 724px\" \/><\/a><\/p>\n ","protected":false},"excerpt":{"rendered":"<p>Vielha, 9 de mar\u00e7 de 2018.- El proper dilluns 12 de mar\u00e7 es presentar\u00e0 a Era Audiovisuau de Vielha, el documental \u201cNo solo 18 horas\u201d del corredor de d\u2019ultra fons Marcos Y\u00e1\u00f1ez, en suport a la lluita contra la leuc\u00e8mia. El documental s\u2019inclou dins del Cicle de Xerrades-Documentals d\u2019Esport de Muntanya. L\u2019acte organitzat pel Conselh&#8230;<\/p>\n","protected":false},"author":2,"featured_media":20983,"comment_status":"closed","ping_status":"closed","sticky":false,"template":"","format":"standard","meta":{"footnotes":""},"categories":[136],"tags":[],"_links":{"self":[{"href":"https:\/\/www.conselharan.org\/ca\/wp-json\/wp\/v2\/posts\/20985"}],"collection":[{"href":"https:\/\/www.conselharan.org\/ca\/wp-json\/wp\/v2\/posts"}],"about":[{"href":"https:\/\/www.conselharan.org\/ca\/wp-json\/wp\/v2\/types\/post"}],"author":[{"embeddable":true,"href":"https:\/\/www.conselharan.org\/ca\/wp-json\/wp\/v2\/users\/2"}],"replies":[{"embeddable":true,"href":"https:\/\/www.conselharan.org\/ca\/wp-json\/wp\/v2\/comments?post=20985"}],"version-history":[{"count":1,"href":"https:\/\/www.conselharan.org\/ca\/wp-json\/wp\/v2\/posts\/20985\/revisions"}],"predecessor-version":[{"id":20986,"href":"https:\/\/www.conselharan.org\/ca\/wp-json\/wp\/v2\/posts\/20985\/revisions\/20986"}],"wp:featuredmedia":[{"embeddable":true,"href":"https:\/\/www.conselharan.org\/ca\/wp-json\/wp\/v2\/media\/20983"}],"wp:attachment":[{"href":"https:\/\/www.conselharan.org\/ca\/wp-json\/wp\/v2\/media?parent=20985"}],"wp:term":[{"taxonomy":"category","embeddable":true,"href":"https:\/\/www.conselharan.org\/ca\/wp-json\/wp\/v2\/categories?post=20985"},{"taxonomy":"post_tag","embeddable":true,"href":"https:\/\/www.conselharan.org\/ca\/wp-json\/wp\/v2\/tags?post=20985"}],"curies":[{"name":"wp","href":"https:\/\/api.w.org\/{rel}","templated":true}]}}