{"id":21011,"date":"2018-03-11T15:55:01","date_gmt":"2018-03-11T14:55:01","guid":{"rendered":"http:\/\/www.conselharan.org\/?p=21011"},"modified":"2018-03-11T15:55:01","modified_gmt":"2018-03-11T14:55:01","slug":"multitudinaria-5au-corsa-dera-hemna-amb-mes-de-350-participants","status":"publish","type":"post","link":"https:\/\/www.conselharan.org\/ca\/multitudinaria-5au-corsa-dera-hemna-amb-mes-de-350-participants\/","title":{"rendered":"Multitudin\u00e0ria 5au Corsa dera Hemna amb m\u00e9s de 350 participants"},"content":{"rendered":"<p>Vielha, 11 de mar\u00e7 de 2018.- Una multitudin\u00e0ria participaci\u00f3 a la 5\u00aa edici\u00f3 de la Corsa dera Hemna Val d\u2019Aran ha posat el punt final als actes organitzats pel <strong>Conselh Generau<\/strong> <strong>d\u2019Aran<\/strong> en motiu del Dia Internacional de la Dona, amb la participaci\u00f3 de m\u00e9s de 350 persones de totes les edats que han completat les dues voltes al recorregut urb\u00e0 de 5Km pels carrers de Vielha.<\/p>\n<p><a href=\"http:\/\/www.conselharan.org\/wp-content\/uploads\/2018\/03\/IMG_6578.jpg\"><img loading=\"lazy\" decoding=\"async\" class=\"aligncenter size-large wp-image-21007\" src=\"http:\/\/www.conselharan.org\/wp-content\/uploads\/2018\/03\/IMG_6578-1024x684.jpg\" alt=\"\" width=\"1024\" height=\"684\" srcset=\"https:\/\/www.conselharan.org\/wp-content\/uploads\/2018\/03\/IMG_6578-1024x684.jpg 1024w, https:\/\/www.conselharan.org\/wp-content\/uploads\/2018\/03\/IMG_6578-300x200.jpg 300w, https:\/\/www.conselharan.org\/wp-content\/uploads\/2018\/03\/IMG_6578-768x513.jpg 768w\" sizes=\"(max-width: 1024px) 100vw, 1024px\" \/><\/a><\/p>\n<p>La meteorologia ha respectat aquesta edici\u00f3 de la Corsa dera Hemna, que \u00e9s oberta a tothom i a totes les edats i es pot fer corrent o b\u00e9 caminant, enguany ha arribat a la 5\u00aa edici\u00f3 i ha esdevingut un dels esdeveniments populars amb m\u00e9s participaci\u00f3 a la Val d\u2019Aran.<\/p>\n<p>El conselh\u00e8r de Territori, <strong>Jos\u00e9 Antonio Boya<\/strong>, que tamb\u00e9 ha fet la cursa, ha felicitat a totes les participants per la seva implicaci\u00f3 un any m\u00e9s en aquesta cursa popular organitzada pel Servici d\u2019Informacion e Atencion ara Hemna (SIAH) del Conselh Generau d\u2019Aran en col\u00b7laboraci\u00f3 amb el Conselh Esportiu de la Val d\u2019Aran i l\u2019Associaci\u00f3 Volentaris Val d\u2019Aran.<\/p>\n<p>&nbsp;<\/p>\n<p><strong>Resultats 5au Corsa dera Hemna 2018:<\/strong><\/p>\n<p><strong>General Femen\u00ed<\/strong><\/p>\n<p>1 MONTSE BACARDIT PE\u00d1ARROYA\u00a0\u00a0 CLUB EXCTA. ARAN\u00a0\u00a0\u00a0\u00a0 \u00a0\u00a0\u00a0\u00a0\u00a0\u00a0\u00a0\u00a0\u00a0\u00a0\u00a0\u00a0\u00a0\u00a0\u00a0\u00a0\u00a0\u00a0\u00a0\u00a0\u00a0\u00a0\u00a0 00:20:24<\/p>\n<p>2 LAURA RIQUELME JOUANIN\u00a0\u00a0\u00a0\u00a0\u00a0\u00a0\u00a0\u00a0\u00a0\u00a0 TFC TOULOUSE FOOTBALL CLUB\u00a0\u00a0\u00a0\u00a0\u00a0\u00a0 00:21:19<\/p>\n<p>3 SANDRA ROMERO SUCARRAT\u00a0\u00a0\u00a0\u00a0\u00a0\u00a0\u00a0 CLUB ESP. PEDALA.CAT BALAGUER\u00a0\u00a0 00:22:19<\/p>\n<p><strong>\u00a0<\/strong><\/p>\n<p><strong>Categoria M\u00e0ster Femen\u00ed<\/strong><\/p>\n<p>1 CHANTAL DARROUX BERDET\u00a0\u00a0\u00a0\u00a0\u00a0\u00a0\u00a0\u00a0\u00a0\u00a0\u00a0\u00a0\u00a0\u00a0\u00a0\u00a0\u00a0\u00a0\u00a0\u00a0 00:27:33<\/p>\n<p>2 M. PILAR VICENTE CASTET\u00a0\u00a0\u00a0\u00a0\u00a0\u00a0\u00a0\u00a0\u00a0\u00a0\u00a0\u00a0\u00a0 \u00a0\u00a0\u00a0\u00a0\u00a0\u00a0\u00a0\u00a0\u00a0\u00a0\u00a0 00:35:42<\/p>\n<p>3 ISABEL GONZALEZ CALDERON\u00a0\u00a0\u00a0\u00a0\u00a0\u00a0\u00a0\u00a0\u00a0\u00a0\u00a0\u00a0\u00a0\u00a0\u00a0\u00a0\u00a0\u00a0 00:41:25<\/p>\n<p>&nbsp;<\/p>\n<p><strong>Categoria Veter\u00e0 2 F<\/strong><\/p>\n<p>1 M. ANGELES ORDAX GUTIERREZ\u00a0\u00a0\u00a0\u00a0\u00a0\u00a0\u00a0\u00a0\u00a0\u00a0\u00a0\u00a0\u00a0\u00a0\u00a0 00:33:10<\/p>\n<p>2 JUANITA FERNANDEZ IRUELA\u00a0\u00a0\u00a0\u00a0\u00a0\u00a0\u00a0\u00a0\u00a0\u00a0\u00a0\u00a0\u00a0\u00a0\u00a0\u00a0\u00a0\u00a0\u00a0\u00a0 00:40:37<\/p>\n<p>3 LOURDES RUBIO ESPASA\u00a0\u00a0\u00a0\u00a0\u00a0\u00a0\u00a0\u00a0\u00a0\u00a0\u00a0\u00a0\u00a0\u00a0\u00a0 \u00a0\u00a0\u00a0\u00a0\u00a0\u00a0\u00a0\u00a0\u00a0\u00a0\u00a0 00:40:38<\/p>\n<p>&nbsp;<\/p>\n<p><strong>Categoria Veter\u00e0 1 F<\/strong><\/p>\n<p>1 CAROLINA GARCIA FERNANDEZ\u00a0\u00a0\u00a0\u00a0\u00a0\u00a0\u00a0\u00a0\u00a0\u00a0\u00a0\u00a0\u00a0\u00a0\u00a0\u00a0 00:27:07<\/p>\n<p>2 URSULA RUIZ GARCIA\u00a0\u00a0\u00a0\u00a0\u00a0\u00a0\u00a0\u00a0\u00a0\u00a0\u00a0\u00a0\u00a0\u00a0\u00a0\u00a0\u00a0\u00a0\u00a0\u00a0 \u00a0\u00a0\u00a0\u00a0\u00a0\u00a0\u00a0\u00a0\u00a0\u00a0\u00a0 00:27:35<\/p>\n<p>3 MONTSE RABELLA COMAMALA\u00a0\u00a0\u00a0\u00a0\u00a0\u00a0\u00a0\u00a0\u00a0\u00a0\u00a0\u00a0\u00a0\u00a0\u00a0\u00a0 00:29:49<\/p>\n<p>&nbsp;<\/p>\n<p><strong>Categoria S\u00e8nior F<\/strong><\/p>\n<p>1 MONTSE BACARDIT PE\u00d1ARROYA\u00a0\u00a0 \u00a0\u00a0\u00a0\u00a0\u00a0\u00a0\u00a0\u00a0\u00a0\u00a0\u00a0 00:20:24<\/p>\n<p>2 SANDRA ROMERO SUCARRAT\u00a0\u00a0\u00a0\u00a0\u00a0\u00a0\u00a0\u00a0\u00a0\u00a0\u00a0\u00a0\u00a0\u00a0\u00a0\u00a0\u00a0\u00a0\u00a0 00:22:19<\/p>\n<p>3 BEATRIZ BRENES VICENTE\u00a0\u00a0\u00a0\u00a0\u00a0\u00a0\u00a0\u00a0\u00a0\u00a0\u00a0\u00a0\u00a0 \u00a0\u00a0\u00a0\u00a0\u00a0\u00a0\u00a0\u00a0\u00a0\u00a0\u00a0 00:23:35<\/p>\n<p>&nbsp;<\/p>\n<p><strong>Categoria Juvenil F<\/strong><\/p>\n<p>1 LAURA RIQUELME JOUANIN\u00a0\u00a0\u00a0\u00a0\u00a0\u00a0\u00a0\u00a0\u00a0\u00a0 00:21:19<\/p>\n<p>2 ALBA SASTRADA CAPEL\u00a0\u00a0\u00a0\u00a0\u00a0\u00a0\u00a0\u00a0\u00a0\u00a0\u00a0\u00a0\u00a0\u00a0\u00a0\u00a0\u00a0 00:24:01<\/p>\n<p>3 AITANA BATALLA ESTEVEZ\u00a0\u00a0\u00a0\u00a0\u00a0\u00a0\u00a0\u00a0\u00a0\u00a0\u00a0\u00a0 00:24:47<\/p>\n<p>&nbsp;<\/p>\n<p><strong>General Mascul\u00ed<\/strong><\/p>\n<p>1 JUAN NAVALON RUBIO\u00a0\u00a0\u00a0\u00a0\u00a0\u00a0\u00a0\u00a0\u00a0\u00a0\u00a0\u00a0\u00a0\u00a0\u00a0\u00a0\u00a0 00:17:29<\/p>\n<p>2 GEORGE SARION\u00a0\u00a0\u00a0\u00a0\u00a0\u00a0\u00a0\u00a0\u00a0\u00a0\u00a0\u00a0\u00a0\u00a0\u00a0\u00a0 \u00a0\u00a0\u00a0\u00a0\u00a0\u00a0\u00a0\u00a0\u00a0\u00a0\u00a0 00:18:32<\/p>\n<p>3 FRAN NART CASTET\u00a0\u00a0\u00a0\u00a0\u00a0\u00a0\u00a0\u00a0\u00a0\u00a0\u00a0 \u00a0\u00a0\u00a0\u00a0\u00a0\u00a0\u00a0\u00a0\u00a0\u00a0\u00a0 00:18:48<\/p>\n<p>&nbsp;<\/p>\n<p>&nbsp;<\/p>\n ","protected":false},"excerpt":{"rendered":"<p>Vielha, 11 de mar\u00e7 de 2018.- Una multitudin\u00e0ria participaci\u00f3 a la 5\u00aa edici\u00f3 de la Corsa dera Hemna Val d\u2019Aran ha posat el punt final als actes organitzats pel Conselh Generau d\u2019Aran en motiu del Dia Internacional de la Dona, amb la participaci\u00f3 de m\u00e9s de 350 persones de totes les edats que han completat&#8230;<\/p>\n","protected":false},"author":2,"featured_media":21007,"comment_status":"closed","ping_status":"closed","sticky":false,"template":"","format":"standard","meta":{"footnotes":""},"categories":[136,33],"tags":[],"_links":{"self":[{"href":"https:\/\/www.conselharan.org\/ca\/wp-json\/wp\/v2\/posts\/21011"}],"collection":[{"href":"https:\/\/www.conselharan.org\/ca\/wp-json\/wp\/v2\/posts"}],"about":[{"href":"https:\/\/www.conselharan.org\/ca\/wp-json\/wp\/v2\/types\/post"}],"author":[{"embeddable":true,"href":"https:\/\/www.conselharan.org\/ca\/wp-json\/wp\/v2\/users\/2"}],"replies":[{"embeddable":true,"href":"https:\/\/www.conselharan.org\/ca\/wp-json\/wp\/v2\/comments?post=21011"}],"version-history":[{"count":1,"href":"https:\/\/www.conselharan.org\/ca\/wp-json\/wp\/v2\/posts\/21011\/revisions"}],"predecessor-version":[{"id":21012,"href":"https:\/\/www.conselharan.org\/ca\/wp-json\/wp\/v2\/posts\/21011\/revisions\/21012"}],"wp:featuredmedia":[{"embeddable":true,"href":"https:\/\/www.conselharan.org\/ca\/wp-json\/wp\/v2\/media\/21007"}],"wp:attachment":[{"href":"https:\/\/www.conselharan.org\/ca\/wp-json\/wp\/v2\/media?parent=21011"}],"wp:term":[{"taxonomy":"category","embeddable":true,"href":"https:\/\/www.conselharan.org\/ca\/wp-json\/wp\/v2\/categories?post=21011"},{"taxonomy":"post_tag","embeddable":true,"href":"https:\/\/www.conselharan.org\/ca\/wp-json\/wp\/v2\/tags?post=21011"}],"curies":[{"name":"wp","href":"https:\/\/api.w.org\/{rel}","templated":true}]}}