{"id":21035,"date":"2018-03-13T12:39:40","date_gmt":"2018-03-13T11:39:40","guid":{"rendered":"http:\/\/www.conselharan.org\/?p=21035"},"modified":"2018-03-13T12:39:40","modified_gmt":"2018-03-13T11:39:40","slug":"reobertura-de-la-n-125-al-seu-pas-per-saint-beat-el-14-de-marc","status":"publish","type":"post","link":"https:\/\/www.conselharan.org\/ca\/reobertura-de-la-n-125-al-seu-pas-per-saint-beat-el-14-de-marc\/","title":{"rendered":"Reobertura de la N-125 al seu pas per Saint B\u00e9at el 14 de mar\u00e7"},"content":{"rendered":"<p>Vielha, 13 de mar\u00e7 de 2018.- Les autoritats franceses de la Sous-Pr\u00e9fecture de Saint Gaudens han comunicat al Conselh Generau d\u2019Aran la <strong>reobertura del tram franc\u00e8s de la N-230 (N-125), al seu pas per Saint B\u00e9at a partir de dem\u00e0 dia 14 de mar\u00e7.<\/strong><\/p>\n<p><a href=\"http:\/\/www.conselharan.org\/wp-content\/uploads\/2018\/03\/IMG_1124.jpg\"><img loading=\"lazy\" decoding=\"async\" class=\"aligncenter size-large wp-image-21030\" src=\"http:\/\/www.conselharan.org\/wp-content\/uploads\/2018\/03\/IMG_1124-1024x643.jpg\" alt=\"\" width=\"1024\" height=\"643\" srcset=\"https:\/\/www.conselharan.org\/wp-content\/uploads\/2018\/03\/IMG_1124-1024x643.jpg 1024w, https:\/\/www.conselharan.org\/wp-content\/uploads\/2018\/03\/IMG_1124-300x188.jpg 300w, https:\/\/www.conselharan.org\/wp-content\/uploads\/2018\/03\/IMG_1124-768x482.jpg 768w\" sizes=\"(max-width: 1024px) 100vw, 1024px\" \/><\/a><\/p>\n<p>La carretera RD44 (N-125) al seu pas per Saint B\u00e9at estava tancada al tr\u00e0nsit de tots els vehicles i persones, en ambdues direccions de tr\u00e0nsit, des del passat 13 de desembre, a causa del risc de caiguda de pedres.<\/p>\n<p>Una empresa especialitzada, sota la supervisi\u00f3 del Servei de Restauraci\u00f3 de Terres de Muntanya, va dur a terme una intervenci\u00f3 destinada a consolidar les roques perilloses que dominen la carretera.<\/p>\n<p>La reobertura de la ruta al tr\u00e0nsit est\u00e0 prevista per al 14 de mar\u00e7 de 2018, despr\u00e9s de la neteja del lloc i de la carretera i l&#8217;eliminaci\u00f3 dels senyals relacionats amb les desviacions.<\/p>\n<p>La reobertura d&#8217;aquest tram de la carretera RD44, significa a la pr\u00e0ctica que es restablir\u00e0 el pas de qualsevol tipus de vehicle, inclosos els de m\u00e9s de 8,5m de longitud, que fins ara havien de buscar altres rutes alternatives de comunicaci\u00f3 i transport de mercaderies entre Espanya i Fran\u00e7a. Cal recordar que el transit de vehicles pesants per la Val d\u2019Aran s\u2019havia redu\u00eft en un 85% des del mes de desembre, quan es va limitar el seu pas per aquesta via.<\/p>\n<p>&nbsp;<\/p>\n ","protected":false},"excerpt":{"rendered":"<p>Vielha, 13 de mar\u00e7 de 2018.- Les autoritats franceses de la Sous-Pr\u00e9fecture de Saint Gaudens han comunicat al Conselh Generau d\u2019Aran la reobertura del tram franc\u00e8s de la N-230 (N-125), al seu pas per Saint B\u00e9at a partir de dem\u00e0 dia 14 de mar\u00e7. La carretera RD44 (N-125) al seu pas per Saint B\u00e9at estava&#8230;<\/p>\n","protected":false},"author":2,"featured_media":21030,"comment_status":"closed","ping_status":"closed","sticky":false,"template":"","format":"standard","meta":{"footnotes":""},"categories":[53,36],"tags":[],"_links":{"self":[{"href":"https:\/\/www.conselharan.org\/ca\/wp-json\/wp\/v2\/posts\/21035"}],"collection":[{"href":"https:\/\/www.conselharan.org\/ca\/wp-json\/wp\/v2\/posts"}],"about":[{"href":"https:\/\/www.conselharan.org\/ca\/wp-json\/wp\/v2\/types\/post"}],"author":[{"embeddable":true,"href":"https:\/\/www.conselharan.org\/ca\/wp-json\/wp\/v2\/users\/2"}],"replies":[{"embeddable":true,"href":"https:\/\/www.conselharan.org\/ca\/wp-json\/wp\/v2\/comments?post=21035"}],"version-history":[{"count":1,"href":"https:\/\/www.conselharan.org\/ca\/wp-json\/wp\/v2\/posts\/21035\/revisions"}],"predecessor-version":[{"id":21036,"href":"https:\/\/www.conselharan.org\/ca\/wp-json\/wp\/v2\/posts\/21035\/revisions\/21036"}],"wp:featuredmedia":[{"embeddable":true,"href":"https:\/\/www.conselharan.org\/ca\/wp-json\/wp\/v2\/media\/21030"}],"wp:attachment":[{"href":"https:\/\/www.conselharan.org\/ca\/wp-json\/wp\/v2\/media?parent=21035"}],"wp:term":[{"taxonomy":"category","embeddable":true,"href":"https:\/\/www.conselharan.org\/ca\/wp-json\/wp\/v2\/categories?post=21035"},{"taxonomy":"post_tag","embeddable":true,"href":"https:\/\/www.conselharan.org\/ca\/wp-json\/wp\/v2\/tags?post=21035"}],"curies":[{"name":"wp","href":"https:\/\/api.w.org\/{rel}","templated":true}]}}