{"id":21053,"date":"2018-03-14T17:50:17","date_gmt":"2018-03-14T16:50:17","guid":{"rendered":"http:\/\/www.conselharan.org\/?p=21053"},"modified":"2018-03-14T17:50:17","modified_gmt":"2018-03-14T16:50:17","slug":"les-finals-opa-cup-de-la-federacio-internacional-desqui-fis-a-baqueira-beret-del-16-al-18-de-marc","status":"publish","type":"post","link":"https:\/\/www.conselharan.org\/ca\/les-finals-opa-cup-de-la-federacio-internacional-desqui-fis-a-baqueira-beret-del-16-al-18-de-marc\/","title":{"rendered":"Les finals OPA cup de la Federaci\u00f3 Internacional d&#8217;Esqu\u00ed (FIS) a Baqueira Beret del 16 al 18 de mar\u00e7"},"content":{"rendered":"<p>Vielha, 13 de mar\u00e7 de 2018.- L&#8217;estaci\u00f3 d&#8217;esqu\u00ed de <strong>Baqueira Beret<\/strong> amb la col\u00b7laboraci\u00f3 del <strong>Conselh Generau d&#8217;Aran<\/strong> i l&#8217;<strong>Ajuntament de Naut Aran <\/strong>organitza durant tres dies, del 16 al 18 de mar\u00e7, les finals de l&#8217;OPA Cup FIS (tamb\u00e9 conegudes com Alpen Cup).<\/p>\n<p><a href=\"http:\/\/www.conselharan.org\/wp-content\/uploads\/2018\/03\/20180204_GKMPH_0219.jpg\"><img loading=\"lazy\" decoding=\"async\" class=\"aligncenter size-large wp-image-21049\" src=\"http:\/\/www.conselharan.org\/wp-content\/uploads\/2018\/03\/20180204_GKMPH_0219-1024x683.jpg\" alt=\"\" width=\"1024\" height=\"683\" srcset=\"https:\/\/www.conselharan.org\/wp-content\/uploads\/2018\/03\/20180204_GKMPH_0219-1024x683.jpg 1024w, https:\/\/www.conselharan.org\/wp-content\/uploads\/2018\/03\/20180204_GKMPH_0219-300x200.jpg 300w, https:\/\/www.conselharan.org\/wp-content\/uploads\/2018\/03\/20180204_GKMPH_0219-768x512.jpg 768w\" sizes=\"(max-width: 1024px) 100vw, 1024px\" \/><\/a><\/p>\n<p>L&#8217;elit europea de l&#8217;esqu\u00ed de fons es donar\u00e0 cita aquest any a la Val d&#8217;Aran amb la participaci\u00f3 de m\u00e9s de 150 corredors.<\/p>\n<p>Espanya participa amb els millors esquiadors de fons amb l&#8217;objectiu d&#8217;aconseguir bons resultats en aquesta cursa. <strong>Imanol Rojo<\/strong>, integrant de l&#8217;equip d&#8217;esqu\u00ed de fons de la Reial Federaci\u00f3 Espanyola Esports d&#8217;Hivern (RFEDI), que ve de participar en els Jocs Ol\u00edmpics de Pyeongchang 2018, ja ha aconseguit diversos top 15 en OPA Cup d&#8217;altres temporades. Tamb\u00e9 competiran l&#8217;aranesa <strong>Lydia Iglesias<\/strong> i <strong>Mart\u00ed Vigo<\/strong>, que tamb\u00e9 va competir a Pyeongchang 2018, que formen part de l&#8217;equip RFEDI, aix\u00ed com els corredors que formen part del Grup de Seguiment de la RFEDI i de Centres de Tecnificaci\u00f3 (CETDI).<\/p>\n<p>El primer dia comen\u00e7ar\u00e0 amb un Sprint d&#8217;1 km amb dist\u00e0ncies d&#8217;entre 1,4 i 1,6 km segons les categories. El dia 17 seguir\u00e0 amb una sortida en massa (Mass Start) en la competici\u00f3 de Dist\u00e0ncia, on les categories superiors competiran en 15 km els homes i 10 km les dones, i en j\u00fanior seran 10 km per als homes i 5 km per a les dones.<\/p>\n<p>L&#8217;estaci\u00f3 d&#8217;esqu\u00ed aranesa espera que la participaci\u00f3 estigui al voltant d\u2019entre 150 i 160 esquiadors, als quals s&#8217;han de sumar els equips t\u00e8cnics, fisioterapeutes, skiman i altres serveis.<\/p>\n<p>El dia 18 es disputar\u00e0 l&#8217;\u00faltima competici\u00f3 en persecuci\u00f3 (Pursuit), modalitat en la qual les sortides dels competidors s&#8217;escalonen segons el seu temps. El guanyador de l&#8217;esprint surt primer, el segon segueix al l\u00edder, i aix\u00ed successivament. En aquesta cursa guanya l&#8217;esquiador que creui abans la l\u00ednia de meta. Els punts valen el doble, de manera que el vencedor d&#8217;aquesta prova s\u2019emportar\u00e0 el trofeu OPA Cup 2018.<\/p>\n<p>El conselh\u00e8r d&#8217;Esports i vicesindic d&#8217;Aran, <strong>Lu\u00eds Carlos Medina<\/strong>, ha manifestat la seva satisfacci\u00f3 per col\u00b7laborar des del Conselh Generau d&#8217;Aran en l&#8217;organitzaci\u00f3 d&#8217;aquesta important prova d&#8217;esqu\u00ed de fons, que demostra un cop m\u00e9s l&#8217;aposta de la Val d&#8217;Aran per albergar competicions de nivell europeu i mundial a Baqueira Beret.<\/p>\n ","protected":false},"excerpt":{"rendered":"<p>Vielha, 13 de mar\u00e7 de 2018.- L&#8217;estaci\u00f3 d&#8217;esqu\u00ed de Baqueira Beret amb la col\u00b7laboraci\u00f3 del Conselh Generau d&#8217;Aran i l&#8217;Ajuntament de Naut Aran organitza durant tres dies, del 16 al 18 de mar\u00e7, les finals de l&#8217;OPA Cup FIS (tamb\u00e9 conegudes com Alpen Cup). L&#8217;elit europea de l&#8217;esqu\u00ed de fons es donar\u00e0 cita aquest any&#8230;<\/p>\n","protected":false},"author":2,"featured_media":21049,"comment_status":"closed","ping_status":"closed","sticky":false,"template":"","format":"standard","meta":{"footnotes":""},"categories":[136],"tags":[],"_links":{"self":[{"href":"https:\/\/www.conselharan.org\/ca\/wp-json\/wp\/v2\/posts\/21053"}],"collection":[{"href":"https:\/\/www.conselharan.org\/ca\/wp-json\/wp\/v2\/posts"}],"about":[{"href":"https:\/\/www.conselharan.org\/ca\/wp-json\/wp\/v2\/types\/post"}],"author":[{"embeddable":true,"href":"https:\/\/www.conselharan.org\/ca\/wp-json\/wp\/v2\/users\/2"}],"replies":[{"embeddable":true,"href":"https:\/\/www.conselharan.org\/ca\/wp-json\/wp\/v2\/comments?post=21053"}],"version-history":[{"count":1,"href":"https:\/\/www.conselharan.org\/ca\/wp-json\/wp\/v2\/posts\/21053\/revisions"}],"predecessor-version":[{"id":21054,"href":"https:\/\/www.conselharan.org\/ca\/wp-json\/wp\/v2\/posts\/21053\/revisions\/21054"}],"wp:featuredmedia":[{"embeddable":true,"href":"https:\/\/www.conselharan.org\/ca\/wp-json\/wp\/v2\/media\/21049"}],"wp:attachment":[{"href":"https:\/\/www.conselharan.org\/ca\/wp-json\/wp\/v2\/media?parent=21053"}],"wp:term":[{"taxonomy":"category","embeddable":true,"href":"https:\/\/www.conselharan.org\/ca\/wp-json\/wp\/v2\/categories?post=21053"},{"taxonomy":"post_tag","embeddable":true,"href":"https:\/\/www.conselharan.org\/ca\/wp-json\/wp\/v2\/tags?post=21053"}],"curies":[{"name":"wp","href":"https:\/\/api.w.org\/{rel}","templated":true}]}}